{"id":16454,"date":"2024-09-24T12:00:15","date_gmt":"2024-09-24T09:00:15","guid":{"rendered":"https:\/\/www.profexpo.ee\/foodfair\/?p=16454"},"modified":"2025-05-23T14:16:19","modified_gmt":"2025-05-23T11:16:19","slug":"regionaal-ja-pollumatervitusjandusminister-piret-hartmani-tervitus","status":"publish","type":"post","link":"https:\/\/www.profexpo.ee\/foodfair\/2024\/09\/24\/regionaal-ja-pollumatervitusjandusminister-piret-hartmani-tervitus\/","title":{"rendered":"Regionaal- ja p\u00f5llumajandusminister Piret Hartmani tervitus"},"content":{"rendered":"<h2><strong>Head messik\u00fclastajad ja -osalejad ning Eesti toidu tootjad ja austajad!<\/strong><\/h2>\n<p>Mul on hea meel tervitada teid Tallinna Toidumessil, mis v\u00e4\u00e4rtustab \u00fcht meie suurimat vara \u2013 kohalikku toitu \u2013 juba palju aastaid. On v\u00e4ga oluline, et inimesed n\u00e4eksid, mida suudavad Eesti toidutootjad pakkuda, kuna puhas kodumaine toit pole ainult meie privileeg, vaid see on oluline nii tervise-, keskkonna- kui ka toidujulgeoleku vaatest.<\/p>\n<p>Maailm ja elu meie \u00fcmber muutub kiiresti ning seet\u00f5ttu peame olema valmis ise kaasa liikuma ja k\u00f5igeks valmis olema. \u00dcheks oluliseks m\u00e4rks\u00f5naks siin on julgeolek ja eriti just toidujulgeolek. Meie k\u00f5ik nii tootjate, tarbijate kui ka poliitika kujundajatena peame arvestama toidus\u00fcsteemi kestlikkusega ning hindama selle juures ka keskkonna-, sotsiaal-, majandus- ja kultuuriaspekte.<\/p>\n<p>Eesti tarbija soovib k\u00fcll eelistada kodumaist toitu, kuid meie tootjatel tuleb siiski konkureerida importtoodanguga. Meie inimeste majapidamiskulutuste osakaal toidule, joogile ja toitlustusele on Euroopa Liidu liikmesriikide v\u00f5rdluses suurim \u2013 31 protsenti, sellest tuleneb ka tarbija hinnatundlikkus.<\/p>\n<p>Viimaste aastate kriisid on n\u00e4idanud, et toidu tootmine ning toidu varustuskindluse tagamine on samuti \u00fcks laiap\u00f5hjalise riigikaitse osa. Riigi seisukohalt on v\u00e4ga oluline v\u00f5imekus ennast ise t\u00e4htsamate toiduainetega varustada, mida on viimaste aastate kriisid j\u00e4tkuvalt t\u00f5estanud.<\/p>\n<p>Toidumess on \u00fcks parimaid v\u00f5imalusi vastava valdkonna eestvedajate kohtumiseks, seda nii uute toodete ja maitsete avastamiseks kui ka \u00fchiseks arutamiseks ja m\u00f5istmiseks, milliste proovikividega tuleb sektoril parajasti silmitsi seista. Oluline on ka \u00fchine koost\u00f6\u00f6 ja v\u00f5rgustiku loomine. Tervitame rahvusvahelist osav\u00f5tjaskonda ja k\u00fclastajaid, kes messile tulles lubavad laiendada meie toiduvalikut ja teisalt loovad Eesti toodetele uusi ekspordiv\u00f5imalusi.<\/p>\n<p>Eesti toit on puhas, tervislik ja keskkonnas\u00f5bralikult toodetud \u2013 see on meie Nokia! Tahan t\u00e4nada ja tunnustada k\u00f5iki Eesti toidu tootjaid, tarbijaid ja loomulikult Toidumessi toimumisse panustajaid.<\/p>\n<p>H\u00e4id elamusi ja sisukaid kohtumisi messil!<\/p>\n<p>Regionaal- ja p\u00f5llumajandusminister<br \/>\nPiret Hartman<\/p>\n","protected":false},"excerpt":{"rendered":"Head messik\u00fclastajad ja -osalejad ning Eesti toidu tootjad ja austajad! Mul on hea meel tervitada teid Tallinna Toidumessil, mis v\u00e4\u00e4rtustab \u00fcht meie suurimat vara \u2013 kohalikku toitu \u2013 juba palju aastaid. On v\u00e4ga oluline, et inimesed n\u00e4eksid, mida suudavad Eesti toidutootjad pakkuda, kuna puhas kodumaine toit pole ainult meie privileeg, vaid see on oluline nii&#8230; <a class=\"view-article\" href=\"https:\/\/www.profexpo.ee\/foodfair\/2024\/09\/24\/regionaal-ja-pollumatervitusjandusminister-piret-hartmani-tervitus\/\">Loe edasi<\/a>","protected":false},"author":3,"featured_media":16502,"comment_status":"open","ping_status":"open","sticky":false,"template":"","format":"standard","meta":{"footnotes":""},"categories":[2],"tags":[],"class_list":["post-16454","post","type-post","status-publish","format-standard","has-post-thumbnail","hentry","category-maaratlemata-et"],"yoast_head":"<!-- This site is optimized with the Yoast SEO plugin v24.7 - https:\/\/yoast.com\/wordpress\/plugins\/seo\/ -->\n<title>Regionaal- ja p\u00f5llumajandusminister Piret Hartmani tervitus - Tallinna Toidumess 2026<\/title>\n<meta name=\"robots\" content=\"index, follow, max-snippet:-1, max-image-preview:large, max-video-preview:-1\" \/>\n<link rel=\"canonical\" href=\"https:\/\/www.profexpo.ee\/foodfair\/2024\/09\/24\/regionaal-ja-pollumatervitusjandusminister-piret-hartmani-tervitus\/\" \/>\n<script type=\"application\/ld+json\" class=\"yoast-schema-graph\">{\"@context\":\"https:\/\/schema.org\",\"@graph\":[{\"@type\":\"WebPage\",\"@id\":\"https:\/\/www.profexpo.ee\/foodfair\/2024\/09\/24\/regionaal-ja-pollumatervitusjandusminister-piret-hartmani-tervitus\/\",\"url\":\"https:\/\/www.profexpo.ee\/foodfair\/2024\/09\/24\/regionaal-ja-pollumatervitusjandusminister-piret-hartmani-tervitus\/\",\"name\":\"Regionaal- ja p\u00f5llumajandusminister Piret Hartmani tervitus - Tallinna Toidumess 2026\",\"isPartOf\":{\"@id\":\"https:\/\/www.profexpo.ee\/foodfair\/#website\"},\"primaryImageOfPage\":{\"@id\":\"https:\/\/www.profexpo.ee\/foodfair\/2024\/09\/24\/regionaal-ja-pollumatervitusjandusminister-piret-hartmani-tervitus\/#primaryimage\"},\"image\":{\"@id\":\"https:\/\/www.profexpo.ee\/foodfair\/2024\/09\/24\/regionaal-ja-pollumatervitusjandusminister-piret-hartmani-tervitus\/#primaryimage\"},\"thumbnailUrl\":\"https:\/\/www.profexpo.ee\/foodfair\/wp-content\/uploads\/2024\/09\/Ministri-pilt-1.jpeg\",\"datePublished\":\"2024-09-24T09:00:15+00:00\",\"dateModified\":\"2025-05-23T11:16:19+00:00\",\"author\":{\"@id\":\"https:\/\/www.profexpo.ee\/foodfair\/#\/schema\/person\/d5f0e99e41e78c79ff5dbf671616b852\"},\"breadcrumb\":{\"@id\":\"https:\/\/www.profexpo.ee\/foodfair\/2024\/09\/24\/regionaal-ja-pollumatervitusjandusminister-piret-hartmani-tervitus\/#breadcrumb\"},\"inLanguage\":\"et\",\"potentialAction\":[{\"@type\":\"ReadAction\",\"target\":[\"https:\/\/www.profexpo.ee\/foodfair\/2024\/09\/24\/regionaal-ja-pollumatervitusjandusminister-piret-hartmani-tervitus\/\"]}]},{\"@type\":\"ImageObject\",\"inLanguage\":\"et\",\"@id\":\"https:\/\/www.profexpo.ee\/foodfair\/2024\/09\/24\/regionaal-ja-pollumatervitusjandusminister-piret-hartmani-tervitus\/#primaryimage\",\"url\":\"https:\/\/www.profexpo.ee\/foodfair\/wp-content\/uploads\/2024\/09\/Ministri-pilt-1.jpeg\",\"contentUrl\":\"https:\/\/www.profexpo.ee\/foodfair\/wp-content\/uploads\/2024\/09\/Ministri-pilt-1.jpeg\",\"width\":1365,\"height\":1365},{\"@type\":\"BreadcrumbList\",\"@id\":\"https:\/\/www.profexpo.ee\/foodfair\/2024\/09\/24\/regionaal-ja-pollumatervitusjandusminister-piret-hartmani-tervitus\/#breadcrumb\",\"itemListElement\":[{\"@type\":\"ListItem\",\"position\":1,\"name\":\"Home\",\"item\":\"https:\/\/www.profexpo.ee\/foodfair\/\"},{\"@type\":\"ListItem\",\"position\":2,\"name\":\"Regionaal- ja p\u00f5llumajandusminister Piret Hartmani tervitus\"}]},{\"@type\":\"WebSite\",\"@id\":\"https:\/\/www.profexpo.ee\/foodfair\/#website\",\"url\":\"https:\/\/www.profexpo.ee\/foodfair\/\",\"name\":\"Tallinn FoodFair\",\"description\":\"Tallinna Toidumess 2026\",\"alternateName\":\"sdaf\",\"potentialAction\":[{\"@type\":\"SearchAction\",\"target\":{\"@type\":\"EntryPoint\",\"urlTemplate\":\"https:\/\/www.profexpo.ee\/foodfair\/?s={search_term_string}\"},\"query-input\":{\"@type\":\"PropertyValueSpecification\",\"valueRequired\":true,\"valueName\":\"search_term_string\"}}],\"inLanguage\":\"et\"},{\"@type\":\"Person\",\"@id\":\"https:\/\/www.profexpo.ee\/foodfair\/#\/schema\/person\/d5f0e99e41e78c79ff5dbf671616b852\",\"name\":\"profexpo\",\"image\":{\"@type\":\"ImageObject\",\"inLanguage\":\"et\",\"@id\":\"https:\/\/www.profexpo.ee\/foodfair\/#\/schema\/person\/image\/\",\"url\":\"https:\/\/secure.gravatar.com\/avatar\/a55493e68c392eb4fdf21a90b6538e7e?s=96&d=mm&r=g\",\"contentUrl\":\"https:\/\/secure.gravatar.com\/avatar\/a55493e68c392eb4fdf21a90b6538e7e?s=96&d=mm&r=g\",\"caption\":\"profexpo\"},\"url\":\"https:\/\/www.profexpo.ee\/foodfair\/author\/profexpo\/\"}]}<\/script>\n<!-- \/ Yoast SEO plugin. -->","yoast_head_json":{"title":"Regionaal- ja p\u00f5llumajandusminister Piret Hartmani tervitus - Tallinna Toidumess 2026","robots":{"index":"index","follow":"follow","max-snippet":"max-snippet:-1","max-image-preview":"max-image-preview:large","max-video-preview":"max-video-preview:-1"},"canonical":"https:\/\/www.profexpo.ee\/foodfair\/2024\/09\/24\/regionaal-ja-pollumatervitusjandusminister-piret-hartmani-tervitus\/","schema":{"@context":"https:\/\/schema.org","@graph":[{"@type":"WebPage","@id":"https:\/\/www.profexpo.ee\/foodfair\/2024\/09\/24\/regionaal-ja-pollumatervitusjandusminister-piret-hartmani-tervitus\/","url":"https:\/\/www.profexpo.ee\/foodfair\/2024\/09\/24\/regionaal-ja-pollumatervitusjandusminister-piret-hartmani-tervitus\/","name":"Regionaal- ja p\u00f5llumajandusminister Piret Hartmani tervitus - Tallinna Toidumess 2026","isPartOf":{"@id":"https:\/\/www.profexpo.ee\/foodfair\/#website"},"primaryImageOfPage":{"@id":"https:\/\/www.profexpo.ee\/foodfair\/2024\/09\/24\/regionaal-ja-pollumatervitusjandusminister-piret-hartmani-tervitus\/#primaryimage"},"image":{"@id":"https:\/\/www.profexpo.ee\/foodfair\/2024\/09\/24\/regionaal-ja-pollumatervitusjandusminister-piret-hartmani-tervitus\/#primaryimage"},"thumbnailUrl":"https:\/\/www.profexpo.ee\/foodfair\/wp-content\/uploads\/2024\/09\/Ministri-pilt-1.jpeg","datePublished":"2024-09-24T09:00:15+00:00","dateModified":"2025-05-23T11:16:19+00:00","author":{"@id":"https:\/\/www.profexpo.ee\/foodfair\/#\/schema\/person\/d5f0e99e41e78c79ff5dbf671616b852"},"breadcrumb":{"@id":"https:\/\/www.profexpo.ee\/foodfair\/2024\/09\/24\/regionaal-ja-pollumatervitusjandusminister-piret-hartmani-tervitus\/#breadcrumb"},"inLanguage":"et","potentialAction":[{"@type":"ReadAction","target":["https:\/\/www.profexpo.ee\/foodfair\/2024\/09\/24\/regionaal-ja-pollumatervitusjandusminister-piret-hartmani-tervitus\/"]}]},{"@type":"ImageObject","inLanguage":"et","@id":"https:\/\/www.profexpo.ee\/foodfair\/2024\/09\/24\/regionaal-ja-pollumatervitusjandusminister-piret-hartmani-tervitus\/#primaryimage","url":"https:\/\/www.profexpo.ee\/foodfair\/wp-content\/uploads\/2024\/09\/Ministri-pilt-1.jpeg","contentUrl":"https:\/\/www.profexpo.ee\/foodfair\/wp-content\/uploads\/2024\/09\/Ministri-pilt-1.jpeg","width":1365,"height":1365},{"@type":"BreadcrumbList","@id":"https:\/\/www.profexpo.ee\/foodfair\/2024\/09\/24\/regionaal-ja-pollumatervitusjandusminister-piret-hartmani-tervitus\/#breadcrumb","itemListElement":[{"@type":"ListItem","position":1,"name":"Home","item":"https:\/\/www.profexpo.ee\/foodfair\/"},{"@type":"ListItem","position":2,"name":"Regionaal- ja p\u00f5llumajandusminister Piret Hartmani tervitus"}]},{"@type":"WebSite","@id":"https:\/\/www.profexpo.ee\/foodfair\/#website","url":"https:\/\/www.profexpo.ee\/foodfair\/","name":"Tallinn FoodFair","description":"Tallinna Toidumess 2026","alternateName":"sdaf","potentialAction":[{"@type":"SearchAction","target":{"@type":"EntryPoint","urlTemplate":"https:\/\/www.profexpo.ee\/foodfair\/?s={search_term_string}"},"query-input":{"@type":"PropertyValueSpecification","valueRequired":true,"valueName":"search_term_string"}}],"inLanguage":"et"},{"@type":"Person","@id":"https:\/\/www.profexpo.ee\/foodfair\/#\/schema\/person\/d5f0e99e41e78c79ff5dbf671616b852","name":"profexpo","image":{"@type":"ImageObject","inLanguage":"et","@id":"https:\/\/www.profexpo.ee\/foodfair\/#\/schema\/person\/image\/","url":"https:\/\/secure.gravatar.com\/avatar\/a55493e68c392eb4fdf21a90b6538e7e?s=96&d=mm&r=g","contentUrl":"https:\/\/secure.gravatar.com\/avatar\/a55493e68c392eb4fdf21a90b6538e7e?s=96&d=mm&r=g","caption":"profexpo"},"url":"https:\/\/www.profexpo.ee\/foodfair\/author\/profexpo\/"}]}},"_links":{"self":[{"href":"https:\/\/www.profexpo.ee\/foodfair\/wp-json\/wp\/v2\/posts\/16454","targetHints":{"allow":["GET"]}}],"collection":[{"href":"https:\/\/www.profexpo.ee\/foodfair\/wp-json\/wp\/v2\/posts"}],"about":[{"href":"https:\/\/www.profexpo.ee\/foodfair\/wp-json\/wp\/v2\/types\/post"}],"author":[{"embeddable":true,"href":"https:\/\/www.profexpo.ee\/foodfair\/wp-json\/wp\/v2\/users\/3"}],"replies":[{"embeddable":true,"href":"https:\/\/www.profexpo.ee\/foodfair\/wp-json\/wp\/v2\/comments?post=16454"}],"version-history":[{"count":5,"href":"https:\/\/www.profexpo.ee\/foodfair\/wp-json\/wp\/v2\/posts\/16454\/revisions"}],"predecessor-version":[{"id":17641,"href":"https:\/\/www.profexpo.ee\/foodfair\/wp-json\/wp\/v2\/posts\/16454\/revisions\/17641"}],"wp:featuredmedia":[{"embeddable":true,"href":"https:\/\/www.profexpo.ee\/foodfair\/wp-json\/wp\/v2\/media\/16502"}],"wp:attachment":[{"href":"https:\/\/www.profexpo.ee\/foodfair\/wp-json\/wp\/v2\/media?parent=16454"}],"wp:term":[{"taxonomy":"category","embeddable":true,"href":"https:\/\/www.profexpo.ee\/foodfair\/wp-json\/wp\/v2\/categories?post=16454"},{"taxonomy":"post_tag","embeddable":true,"href":"https:\/\/www.profexpo.ee\/foodfair\/wp-json\/wp\/v2\/tags?post=16454"}],"curies":[{"name":"wp","href":"https:\/\/api.w.org\/{rel}","templated":true}]}}