{"id":16512,"date":"2024-09-24T12:00:43","date_gmt":"2024-09-24T09:00:43","guid":{"rendered":"https:\/\/www.profexpo.ee\/foodfair\/?p=16512"},"modified":"2025-02-12T15:08:29","modified_gmt":"2025-02-12T13:08:29","slug":"tere-tulemast-toidumessile","status":"publish","type":"post","link":"https:\/\/www.profexpo.ee\/foodfair\/2024\/09\/24\/tere-tulemast-toidumessile\/","title":{"rendered":"Tere tulemast Toidumessile!"},"content":{"rendered":"<p>Tallinna Toidumess seisab uue k\u00fcmnendi l\u00e4vel. Senise kolmek\u00fcmne aasta jooksul oleme kokku toonud \u00fcle 270\u00a0000 k\u00fclastaja ja esitlenud 5200 eksponenti. Toidumessil kohtuvad nii toiduvaldkonna alustajad kui ka vanad tegijad oma kolleegide, \u00e4ripartnerite ja ala asjatundjatega. 1993. aastal alguse saanud s\u00fcndmus on k\u00e4inud kaasas Eesti toidusektori arengu, uuenduste ja v\u00e4ljakutsetega. Messil esitletu on vahetult peegeldanud uusi suundumusi nii tehnoloogiates, tarbijate harjumustes kui ka rahvusvahelistes trendides.<\/p>\n<p>Tallinna Toidumess on palju enamat kui lihtsalt toodete eksponeerimine ja degusteerimine. See on interaktiivne ja mitmek\u00fclgne kohtumispaik, kus vastastikuses vahetus suhtluses luuakse uusi kontakte, laiendatakse kliendibaasi, tutvustatakse oma br\u00e4ndi ja arendatakse toidukultuuri.<\/p>\n<p>Toidumessile annavad v\u00e4rvi ja toovad uudsust osalejad v\u00e4lisriikidest. K\u00fclastajad saavad hea \u00fclevaate valdkonna ettev\u00f5tjate p\u00fc\u00fcdlustest, turundussuundadest, konkurentsist, uuendustest ja majandusolude muutustega toimetulekust.<\/p>\n<p>Mess on sotsiaalse infovahetuse vorm. Kaubanduse, toitlustuse, majutuse, toidut\u00f6\u00f6stuse ja sidusalade ettev\u00f5tjate ja spetsialistide vahetud kohtumised messil on ainulaadsed, seega v\u00f5rreldamatud muude suhtluskanalite v\u00f5i vahenditega. Vahetu l\u00e4vimine, arutelud ja tunnustavad k\u00e4epigistused loovad emotsiooni ja annavad elamuse, mis tuleb kaasa igap\u00e4evategemistesse ja mida jagatakse kolleegidega.<\/p>\n<p>Toidumessilt saadav kogemus s\u00fctitab suurt hulka esmak\u00fclastajaid. Peaaegu iga viies k\u00fclastaja on messil esimest korda. Uuringutulemustest saab luua messik\u00fclastaja koondportee: huvitub uudistoodetest (78% k\u00fcsitletutest), tahab olla kursis valdkonnas toimuvaga (64%), huvitub uutest pakkujatest (55%), t\u00e4iendab erialateadmisi (36%), naudib kohtumisi sama ala kolleegidega (32%).<\/p>\n<p>Traditsioon ja asjatundlikkus on j\u00e4tkuvalt Tallinna Toidumessi motoks.<\/p>\n<p>Kohtumisteni messil!<\/p>\n<p>Tiit Sarv<\/p>\n<p>Tallinna Toidumessi korraldaja aastast 1993<\/p>\n","protected":false},"excerpt":{"rendered":"Tallinna Toidumess seisab uue k\u00fcmnendi l\u00e4vel. Senise kolmek\u00fcmne aasta jooksul oleme kokku toonud \u00fcle 270\u00a0000 k\u00fclastaja ja esitlenud 5200 eksponenti. Toidumessil kohtuvad nii toiduvaldkonna alustajad kui ka vanad tegijad oma kolleegide, \u00e4ripartnerite ja ala asjatundjatega. 1993. aastal alguse saanud s\u00fcndmus on k\u00e4inud kaasas Eesti toidusektori arengu, uuenduste ja v\u00e4ljakutsetega. Messil esitletu on vahetult peegeldanud uusi&#8230; <a class=\"view-article\" href=\"https:\/\/www.profexpo.ee\/foodfair\/2024\/09\/24\/tere-tulemast-toidumessile\/\">Loe edasi<\/a>","protected":false},"author":3,"featured_media":17286,"comment_status":"open","ping_status":"open","sticky":false,"template":"","format":"standard","meta":{"footnotes":""},"categories":[2],"tags":[],"class_list":["post-16512","post","type-post","status-publish","format-standard","has-post-thumbnail","hentry","category-maaratlemata-et"],"yoast_head":"<!-- This site is optimized with the Yoast SEO plugin v24.7 - https:\/\/yoast.com\/wordpress\/plugins\/seo\/ -->\n<title>Tere tulemast Toidumessile! - Tallinna Toidumess 2026<\/title>\n<meta name=\"robots\" content=\"index, follow, max-snippet:-1, max-image-preview:large, max-video-preview:-1\" \/>\n<link rel=\"canonical\" href=\"https:\/\/www.profexpo.ee\/foodfair\/2024\/09\/24\/tere-tulemast-toidumessile\/\" \/>\n<script type=\"application\/ld+json\" class=\"yoast-schema-graph\">{\"@context\":\"https:\/\/schema.org\",\"@graph\":[{\"@type\":\"WebPage\",\"@id\":\"https:\/\/www.profexpo.ee\/foodfair\/2024\/09\/24\/tere-tulemast-toidumessile\/\",\"url\":\"https:\/\/www.profexpo.ee\/foodfair\/2024\/09\/24\/tere-tulemast-toidumessile\/\",\"name\":\"Tere tulemast Toidumessile! - Tallinna Toidumess 2026\",\"isPartOf\":{\"@id\":\"https:\/\/www.profexpo.ee\/foodfair\/#website\"},\"primaryImageOfPage\":{\"@id\":\"https:\/\/www.profexpo.ee\/foodfair\/2024\/09\/24\/tere-tulemast-toidumessile\/#primaryimage\"},\"image\":{\"@id\":\"https:\/\/www.profexpo.ee\/foodfair\/2024\/09\/24\/tere-tulemast-toidumessile\/#primaryimage\"},\"thumbnailUrl\":\"https:\/\/www.profexpo.ee\/foodfair\/wp-content\/uploads\/2024\/09\/TFFlogo_2024-01-1.png\",\"datePublished\":\"2024-09-24T09:00:43+00:00\",\"dateModified\":\"2025-02-12T13:08:29+00:00\",\"author\":{\"@id\":\"https:\/\/www.profexpo.ee\/foodfair\/#\/schema\/person\/d5f0e99e41e78c79ff5dbf671616b852\"},\"breadcrumb\":{\"@id\":\"https:\/\/www.profexpo.ee\/foodfair\/2024\/09\/24\/tere-tulemast-toidumessile\/#breadcrumb\"},\"inLanguage\":\"et\",\"potentialAction\":[{\"@type\":\"ReadAction\",\"target\":[\"https:\/\/www.profexpo.ee\/foodfair\/2024\/09\/24\/tere-tulemast-toidumessile\/\"]}]},{\"@type\":\"ImageObject\",\"inLanguage\":\"et\",\"@id\":\"https:\/\/www.profexpo.ee\/foodfair\/2024\/09\/24\/tere-tulemast-toidumessile\/#primaryimage\",\"url\":\"https:\/\/www.profexpo.ee\/foodfair\/wp-content\/uploads\/2024\/09\/TFFlogo_2024-01-1.png\",\"contentUrl\":\"https:\/\/www.profexpo.ee\/foodfair\/wp-content\/uploads\/2024\/09\/TFFlogo_2024-01-1.png\",\"width\":2250,\"height\":2250},{\"@type\":\"BreadcrumbList\",\"@id\":\"https:\/\/www.profexpo.ee\/foodfair\/2024\/09\/24\/tere-tulemast-toidumessile\/#breadcrumb\",\"itemListElement\":[{\"@type\":\"ListItem\",\"position\":1,\"name\":\"Home\",\"item\":\"https:\/\/www.profexpo.ee\/foodfair\/\"},{\"@type\":\"ListItem\",\"position\":2,\"name\":\"Tere tulemast Toidumessile!\"}]},{\"@type\":\"WebSite\",\"@id\":\"https:\/\/www.profexpo.ee\/foodfair\/#website\",\"url\":\"https:\/\/www.profexpo.ee\/foodfair\/\",\"name\":\"Tallinn FoodFair\",\"description\":\"Tallinna Toidumess 2026\",\"alternateName\":\"sdaf\",\"potentialAction\":[{\"@type\":\"SearchAction\",\"target\":{\"@type\":\"EntryPoint\",\"urlTemplate\":\"https:\/\/www.profexpo.ee\/foodfair\/?s={search_term_string}\"},\"query-input\":{\"@type\":\"PropertyValueSpecification\",\"valueRequired\":true,\"valueName\":\"search_term_string\"}}],\"inLanguage\":\"et\"},{\"@type\":\"Person\",\"@id\":\"https:\/\/www.profexpo.ee\/foodfair\/#\/schema\/person\/d5f0e99e41e78c79ff5dbf671616b852\",\"name\":\"profexpo\",\"image\":{\"@type\":\"ImageObject\",\"inLanguage\":\"et\",\"@id\":\"https:\/\/www.profexpo.ee\/foodfair\/#\/schema\/person\/image\/\",\"url\":\"https:\/\/secure.gravatar.com\/avatar\/a55493e68c392eb4fdf21a90b6538e7e?s=96&d=mm&r=g\",\"contentUrl\":\"https:\/\/secure.gravatar.com\/avatar\/a55493e68c392eb4fdf21a90b6538e7e?s=96&d=mm&r=g\",\"caption\":\"profexpo\"},\"url\":\"https:\/\/www.profexpo.ee\/foodfair\/author\/profexpo\/\"}]}<\/script>\n<!-- \/ Yoast SEO plugin. -->","yoast_head_json":{"title":"Tere tulemast Toidumessile! - Tallinna Toidumess 2026","robots":{"index":"index","follow":"follow","max-snippet":"max-snippet:-1","max-image-preview":"max-image-preview:large","max-video-preview":"max-video-preview:-1"},"canonical":"https:\/\/www.profexpo.ee\/foodfair\/2024\/09\/24\/tere-tulemast-toidumessile\/","schema":{"@context":"https:\/\/schema.org","@graph":[{"@type":"WebPage","@id":"https:\/\/www.profexpo.ee\/foodfair\/2024\/09\/24\/tere-tulemast-toidumessile\/","url":"https:\/\/www.profexpo.ee\/foodfair\/2024\/09\/24\/tere-tulemast-toidumessile\/","name":"Tere tulemast Toidumessile! - Tallinna Toidumess 2026","isPartOf":{"@id":"https:\/\/www.profexpo.ee\/foodfair\/#website"},"primaryImageOfPage":{"@id":"https:\/\/www.profexpo.ee\/foodfair\/2024\/09\/24\/tere-tulemast-toidumessile\/#primaryimage"},"image":{"@id":"https:\/\/www.profexpo.ee\/foodfair\/2024\/09\/24\/tere-tulemast-toidumessile\/#primaryimage"},"thumbnailUrl":"https:\/\/www.profexpo.ee\/foodfair\/wp-content\/uploads\/2024\/09\/TFFlogo_2024-01-1.png","datePublished":"2024-09-24T09:00:43+00:00","dateModified":"2025-02-12T13:08:29+00:00","author":{"@id":"https:\/\/www.profexpo.ee\/foodfair\/#\/schema\/person\/d5f0e99e41e78c79ff5dbf671616b852"},"breadcrumb":{"@id":"https:\/\/www.profexpo.ee\/foodfair\/2024\/09\/24\/tere-tulemast-toidumessile\/#breadcrumb"},"inLanguage":"et","potentialAction":[{"@type":"ReadAction","target":["https:\/\/www.profexpo.ee\/foodfair\/2024\/09\/24\/tere-tulemast-toidumessile\/"]}]},{"@type":"ImageObject","inLanguage":"et","@id":"https:\/\/www.profexpo.ee\/foodfair\/2024\/09\/24\/tere-tulemast-toidumessile\/#primaryimage","url":"https:\/\/www.profexpo.ee\/foodfair\/wp-content\/uploads\/2024\/09\/TFFlogo_2024-01-1.png","contentUrl":"https:\/\/www.profexpo.ee\/foodfair\/wp-content\/uploads\/2024\/09\/TFFlogo_2024-01-1.png","width":2250,"height":2250},{"@type":"BreadcrumbList","@id":"https:\/\/www.profexpo.ee\/foodfair\/2024\/09\/24\/tere-tulemast-toidumessile\/#breadcrumb","itemListElement":[{"@type":"ListItem","position":1,"name":"Home","item":"https:\/\/www.profexpo.ee\/foodfair\/"},{"@type":"ListItem","position":2,"name":"Tere tulemast Toidumessile!"}]},{"@type":"WebSite","@id":"https:\/\/www.profexpo.ee\/foodfair\/#website","url":"https:\/\/www.profexpo.ee\/foodfair\/","name":"Tallinn FoodFair","description":"Tallinna Toidumess 2026","alternateName":"sdaf","potentialAction":[{"@type":"SearchAction","target":{"@type":"EntryPoint","urlTemplate":"https:\/\/www.profexpo.ee\/foodfair\/?s={search_term_string}"},"query-input":{"@type":"PropertyValueSpecification","valueRequired":true,"valueName":"search_term_string"}}],"inLanguage":"et"},{"@type":"Person","@id":"https:\/\/www.profexpo.ee\/foodfair\/#\/schema\/person\/d5f0e99e41e78c79ff5dbf671616b852","name":"profexpo","image":{"@type":"ImageObject","inLanguage":"et","@id":"https:\/\/www.profexpo.ee\/foodfair\/#\/schema\/person\/image\/","url":"https:\/\/secure.gravatar.com\/avatar\/a55493e68c392eb4fdf21a90b6538e7e?s=96&d=mm&r=g","contentUrl":"https:\/\/secure.gravatar.com\/avatar\/a55493e68c392eb4fdf21a90b6538e7e?s=96&d=mm&r=g","caption":"profexpo"},"url":"https:\/\/www.profexpo.ee\/foodfair\/author\/profexpo\/"}]}},"_links":{"self":[{"href":"https:\/\/www.profexpo.ee\/foodfair\/wp-json\/wp\/v2\/posts\/16512","targetHints":{"allow":["GET"]}}],"collection":[{"href":"https:\/\/www.profexpo.ee\/foodfair\/wp-json\/wp\/v2\/posts"}],"about":[{"href":"https:\/\/www.profexpo.ee\/foodfair\/wp-json\/wp\/v2\/types\/post"}],"author":[{"embeddable":true,"href":"https:\/\/www.profexpo.ee\/foodfair\/wp-json\/wp\/v2\/users\/3"}],"replies":[{"embeddable":true,"href":"https:\/\/www.profexpo.ee\/foodfair\/wp-json\/wp\/v2\/comments?post=16512"}],"version-history":[{"count":1,"href":"https:\/\/www.profexpo.ee\/foodfair\/wp-json\/wp\/v2\/posts\/16512\/revisions"}],"predecessor-version":[{"id":16513,"href":"https:\/\/www.profexpo.ee\/foodfair\/wp-json\/wp\/v2\/posts\/16512\/revisions\/16513"}],"wp:featuredmedia":[{"embeddable":true,"href":"https:\/\/www.profexpo.ee\/foodfair\/wp-json\/wp\/v2\/media\/17286"}],"wp:attachment":[{"href":"https:\/\/www.profexpo.ee\/foodfair\/wp-json\/wp\/v2\/media?parent=16512"}],"wp:term":[{"taxonomy":"category","embeddable":true,"href":"https:\/\/www.profexpo.ee\/foodfair\/wp-json\/wp\/v2\/categories?post=16512"},{"taxonomy":"post_tag","embeddable":true,"href":"https:\/\/www.profexpo.ee\/foodfair\/wp-json\/wp\/v2\/tags?post=16512"}],"curies":[{"name":"wp","href":"https:\/\/api.w.org\/{rel}","templated":true}]}}