{"id":16556,"date":"2024-09-20T14:33:38","date_gmt":"2024-09-20T11:33:38","guid":{"rendered":"https:\/\/www.profexpo.ee\/foodfair\/?p=16556"},"modified":"2024-09-25T11:30:43","modified_gmt":"2024-09-25T08:30:43","slug":"rukkileiva-postmark-kultuuri-ja-ajaloo-sumbol","status":"publish","type":"post","link":"https:\/\/www.profexpo.ee\/foodfair\/2024\/09\/20\/rukkileiva-postmark-kultuuri-ja-ajaloo-sumbol\/","title":{"rendered":"Rukkileiva Postmark \u2013 Kultuuri ja ajaloo s\u00fcmbol"},"content":{"rendered":"<p>Traditsiooniline rukkileib on n\u00fc\u00fcd postmargil! Alates 25. septembrist on Omniva postkontorites, e-poes ja Tallinn Toidumessil saadaval rukkileivale p\u00fchendatud mark, sealhulgas esmakordselt reljeefne mark, mis meenutab katsudes leiva koorikut. Margi kujundas Jaan Saar ja hinnaks on 1.30\u20ac. Kokku antakse v\u00e4lja vaid 20 000 rukkileiva marki. Lisaks margile on ilmub ka rukkileivateemaline esimese p\u00e4eva \u00fcmbrik ning Toompea postkontoris on kasutusel ka vastav esimese p\u00e4eva tempel.<\/p>\n<p>Eesti Posti emissioonikomisjon on 2024. aasta &#8220;Head Eesti asjad&#8221; sarja margiks valinud rukkileiva, mis s\u00fcmboliseerib meie rikkalikku kultuuri ja ajalugu. See pea tuhandeaastane traditsioon peegeldab rahvuslikke v\u00e4\u00e4rtusi ning tugevat sidet maaga. Rukkileiva margi eesm\u00e4rk on tuua esile selle olulisust, kandes kodutunnet ja eestlaste k\u00fclalislahkust nii Eestis kui ka maailmas. Rukkileib, mis on s\u00fcgavalt juurdunud osa Eesti identiteedist, j\u00e4\u00e4b n\u00fc\u00fcd igavesti kestma ka postmargil, jagades edasi seda traditsiooni ja tunnet igale saajale.<\/p>\n","protected":false},"excerpt":{"rendered":"Traditsiooniline rukkileib on n\u00fc\u00fcd postmargil! Alates 25. septembrist on Omniva postkontorites, e-poes ja Tallinn Toidumessil saadaval rukkileivale p\u00fchendatud mark, sealhulgas esmakordselt reljeefne mark, mis meenutab katsudes leiva koorikut. Margi kujundas Jaan Saar ja hinnaks on 1.30\u20ac. Kokku antakse v\u00e4lja vaid 20 000 rukkileiva marki. Lisaks margile on ilmub ka rukkileivateemaline esimese p\u00e4eva \u00fcmbrik ning Toompea&#8230; <a class=\"view-article\" href=\"https:\/\/www.profexpo.ee\/foodfair\/2024\/09\/20\/rukkileiva-postmark-kultuuri-ja-ajaloo-sumbol\/\">Loe edasi<\/a>","protected":false},"author":3,"featured_media":16572,"comment_status":"open","ping_status":"open","sticky":false,"template":"","format":"standard","meta":{"footnotes":""},"categories":[2],"tags":[],"class_list":["post-16556","post","type-post","status-publish","format-standard","has-post-thumbnail","hentry","category-maaratlemata-et"],"yoast_head":"<!-- This site is optimized with the Yoast SEO plugin v24.7 - https:\/\/yoast.com\/wordpress\/plugins\/seo\/ -->\n<title>Rukkileiva Postmark \u2013 Kultuuri ja ajaloo s\u00fcmbol - Tallinna Toidumess 2026<\/title>\n<meta name=\"robots\" content=\"index, follow, max-snippet:-1, max-image-preview:large, max-video-preview:-1\" \/>\n<link rel=\"canonical\" href=\"https:\/\/www.profexpo.ee\/foodfair\/2024\/09\/20\/rukkileiva-postmark-kultuuri-ja-ajaloo-sumbol\/\" \/>\n<script type=\"application\/ld+json\" class=\"yoast-schema-graph\">{\"@context\":\"https:\/\/schema.org\",\"@graph\":[{\"@type\":\"WebPage\",\"@id\":\"https:\/\/www.profexpo.ee\/foodfair\/2024\/09\/20\/rukkileiva-postmark-kultuuri-ja-ajaloo-sumbol\/\",\"url\":\"https:\/\/www.profexpo.ee\/foodfair\/2024\/09\/20\/rukkileiva-postmark-kultuuri-ja-ajaloo-sumbol\/\",\"name\":\"Rukkileiva Postmark \u2013 Kultuuri ja ajaloo s\u00fcmbol - Tallinna Toidumess 2026\",\"isPartOf\":{\"@id\":\"https:\/\/www.profexpo.ee\/foodfair\/#website\"},\"primaryImageOfPage\":{\"@id\":\"https:\/\/www.profexpo.ee\/foodfair\/2024\/09\/20\/rukkileiva-postmark-kultuuri-ja-ajaloo-sumbol\/#primaryimage\"},\"image\":{\"@id\":\"https:\/\/www.profexpo.ee\/foodfair\/2024\/09\/20\/rukkileiva-postmark-kultuuri-ja-ajaloo-sumbol\/#primaryimage\"},\"thumbnailUrl\":\"https:\/\/www.profexpo.ee\/foodfair\/wp-content\/uploads\/2024\/09\/IMG_5090-002-scaled.jpeg\",\"datePublished\":\"2024-09-20T11:33:38+00:00\",\"dateModified\":\"2024-09-25T08:30:43+00:00\",\"author\":{\"@id\":\"https:\/\/www.profexpo.ee\/foodfair\/#\/schema\/person\/d5f0e99e41e78c79ff5dbf671616b852\"},\"breadcrumb\":{\"@id\":\"https:\/\/www.profexpo.ee\/foodfair\/2024\/09\/20\/rukkileiva-postmark-kultuuri-ja-ajaloo-sumbol\/#breadcrumb\"},\"inLanguage\":\"et\",\"potentialAction\":[{\"@type\":\"ReadAction\",\"target\":[\"https:\/\/www.profexpo.ee\/foodfair\/2024\/09\/20\/rukkileiva-postmark-kultuuri-ja-ajaloo-sumbol\/\"]}]},{\"@type\":\"ImageObject\",\"inLanguage\":\"et\",\"@id\":\"https:\/\/www.profexpo.ee\/foodfair\/2024\/09\/20\/rukkileiva-postmark-kultuuri-ja-ajaloo-sumbol\/#primaryimage\",\"url\":\"https:\/\/www.profexpo.ee\/foodfair\/wp-content\/uploads\/2024\/09\/IMG_5090-002-scaled.jpeg\",\"contentUrl\":\"https:\/\/www.profexpo.ee\/foodfair\/wp-content\/uploads\/2024\/09\/IMG_5090-002-scaled.jpeg\",\"width\":2560,\"height\":1920},{\"@type\":\"BreadcrumbList\",\"@id\":\"https:\/\/www.profexpo.ee\/foodfair\/2024\/09\/20\/rukkileiva-postmark-kultuuri-ja-ajaloo-sumbol\/#breadcrumb\",\"itemListElement\":[{\"@type\":\"ListItem\",\"position\":1,\"name\":\"Home\",\"item\":\"https:\/\/www.profexpo.ee\/foodfair\/\"},{\"@type\":\"ListItem\",\"position\":2,\"name\":\"Rukkileiva Postmark \u2013 Kultuuri ja ajaloo s\u00fcmbol\"}]},{\"@type\":\"WebSite\",\"@id\":\"https:\/\/www.profexpo.ee\/foodfair\/#website\",\"url\":\"https:\/\/www.profexpo.ee\/foodfair\/\",\"name\":\"Tallinn FoodFair\",\"description\":\"Tallinna Toidumess 2026\",\"alternateName\":\"sdaf\",\"potentialAction\":[{\"@type\":\"SearchAction\",\"target\":{\"@type\":\"EntryPoint\",\"urlTemplate\":\"https:\/\/www.profexpo.ee\/foodfair\/?s={search_term_string}\"},\"query-input\":{\"@type\":\"PropertyValueSpecification\",\"valueRequired\":true,\"valueName\":\"search_term_string\"}}],\"inLanguage\":\"et\"},{\"@type\":\"Person\",\"@id\":\"https:\/\/www.profexpo.ee\/foodfair\/#\/schema\/person\/d5f0e99e41e78c79ff5dbf671616b852\",\"name\":\"profexpo\",\"image\":{\"@type\":\"ImageObject\",\"inLanguage\":\"et\",\"@id\":\"https:\/\/www.profexpo.ee\/foodfair\/#\/schema\/person\/image\/\",\"url\":\"https:\/\/secure.gravatar.com\/avatar\/a55493e68c392eb4fdf21a90b6538e7e?s=96&d=mm&r=g\",\"contentUrl\":\"https:\/\/secure.gravatar.com\/avatar\/a55493e68c392eb4fdf21a90b6538e7e?s=96&d=mm&r=g\",\"caption\":\"profexpo\"},\"url\":\"https:\/\/www.profexpo.ee\/foodfair\/author\/profexpo\/\"}]}<\/script>\n<!-- \/ Yoast SEO plugin. -->","yoast_head_json":{"title":"Rukkileiva Postmark \u2013 Kultuuri ja ajaloo s\u00fcmbol - Tallinna Toidumess 2026","robots":{"index":"index","follow":"follow","max-snippet":"max-snippet:-1","max-image-preview":"max-image-preview:large","max-video-preview":"max-video-preview:-1"},"canonical":"https:\/\/www.profexpo.ee\/foodfair\/2024\/09\/20\/rukkileiva-postmark-kultuuri-ja-ajaloo-sumbol\/","schema":{"@context":"https:\/\/schema.org","@graph":[{"@type":"WebPage","@id":"https:\/\/www.profexpo.ee\/foodfair\/2024\/09\/20\/rukkileiva-postmark-kultuuri-ja-ajaloo-sumbol\/","url":"https:\/\/www.profexpo.ee\/foodfair\/2024\/09\/20\/rukkileiva-postmark-kultuuri-ja-ajaloo-sumbol\/","name":"Rukkileiva Postmark \u2013 Kultuuri ja ajaloo s\u00fcmbol - Tallinna Toidumess 2026","isPartOf":{"@id":"https:\/\/www.profexpo.ee\/foodfair\/#website"},"primaryImageOfPage":{"@id":"https:\/\/www.profexpo.ee\/foodfair\/2024\/09\/20\/rukkileiva-postmark-kultuuri-ja-ajaloo-sumbol\/#primaryimage"},"image":{"@id":"https:\/\/www.profexpo.ee\/foodfair\/2024\/09\/20\/rukkileiva-postmark-kultuuri-ja-ajaloo-sumbol\/#primaryimage"},"thumbnailUrl":"https:\/\/www.profexpo.ee\/foodfair\/wp-content\/uploads\/2024\/09\/IMG_5090-002-scaled.jpeg","datePublished":"2024-09-20T11:33:38+00:00","dateModified":"2024-09-25T08:30:43+00:00","author":{"@id":"https:\/\/www.profexpo.ee\/foodfair\/#\/schema\/person\/d5f0e99e41e78c79ff5dbf671616b852"},"breadcrumb":{"@id":"https:\/\/www.profexpo.ee\/foodfair\/2024\/09\/20\/rukkileiva-postmark-kultuuri-ja-ajaloo-sumbol\/#breadcrumb"},"inLanguage":"et","potentialAction":[{"@type":"ReadAction","target":["https:\/\/www.profexpo.ee\/foodfair\/2024\/09\/20\/rukkileiva-postmark-kultuuri-ja-ajaloo-sumbol\/"]}]},{"@type":"ImageObject","inLanguage":"et","@id":"https:\/\/www.profexpo.ee\/foodfair\/2024\/09\/20\/rukkileiva-postmark-kultuuri-ja-ajaloo-sumbol\/#primaryimage","url":"https:\/\/www.profexpo.ee\/foodfair\/wp-content\/uploads\/2024\/09\/IMG_5090-002-scaled.jpeg","contentUrl":"https:\/\/www.profexpo.ee\/foodfair\/wp-content\/uploads\/2024\/09\/IMG_5090-002-scaled.jpeg","width":2560,"height":1920},{"@type":"BreadcrumbList","@id":"https:\/\/www.profexpo.ee\/foodfair\/2024\/09\/20\/rukkileiva-postmark-kultuuri-ja-ajaloo-sumbol\/#breadcrumb","itemListElement":[{"@type":"ListItem","position":1,"name":"Home","item":"https:\/\/www.profexpo.ee\/foodfair\/"},{"@type":"ListItem","position":2,"name":"Rukkileiva Postmark \u2013 Kultuuri ja ajaloo s\u00fcmbol"}]},{"@type":"WebSite","@id":"https:\/\/www.profexpo.ee\/foodfair\/#website","url":"https:\/\/www.profexpo.ee\/foodfair\/","name":"Tallinn FoodFair","description":"Tallinna Toidumess 2026","alternateName":"sdaf","potentialAction":[{"@type":"SearchAction","target":{"@type":"EntryPoint","urlTemplate":"https:\/\/www.profexpo.ee\/foodfair\/?s={search_term_string}"},"query-input":{"@type":"PropertyValueSpecification","valueRequired":true,"valueName":"search_term_string"}}],"inLanguage":"et"},{"@type":"Person","@id":"https:\/\/www.profexpo.ee\/foodfair\/#\/schema\/person\/d5f0e99e41e78c79ff5dbf671616b852","name":"profexpo","image":{"@type":"ImageObject","inLanguage":"et","@id":"https:\/\/www.profexpo.ee\/foodfair\/#\/schema\/person\/image\/","url":"https:\/\/secure.gravatar.com\/avatar\/a55493e68c392eb4fdf21a90b6538e7e?s=96&d=mm&r=g","contentUrl":"https:\/\/secure.gravatar.com\/avatar\/a55493e68c392eb4fdf21a90b6538e7e?s=96&d=mm&r=g","caption":"profexpo"},"url":"https:\/\/www.profexpo.ee\/foodfair\/author\/profexpo\/"}]}},"_links":{"self":[{"href":"https:\/\/www.profexpo.ee\/foodfair\/wp-json\/wp\/v2\/posts\/16556","targetHints":{"allow":["GET"]}}],"collection":[{"href":"https:\/\/www.profexpo.ee\/foodfair\/wp-json\/wp\/v2\/posts"}],"about":[{"href":"https:\/\/www.profexpo.ee\/foodfair\/wp-json\/wp\/v2\/types\/post"}],"author":[{"embeddable":true,"href":"https:\/\/www.profexpo.ee\/foodfair\/wp-json\/wp\/v2\/users\/3"}],"replies":[{"embeddable":true,"href":"https:\/\/www.profexpo.ee\/foodfair\/wp-json\/wp\/v2\/comments?post=16556"}],"version-history":[{"count":4,"href":"https:\/\/www.profexpo.ee\/foodfair\/wp-json\/wp\/v2\/posts\/16556\/revisions"}],"predecessor-version":[{"id":16571,"href":"https:\/\/www.profexpo.ee\/foodfair\/wp-json\/wp\/v2\/posts\/16556\/revisions\/16571"}],"wp:featuredmedia":[{"embeddable":true,"href":"https:\/\/www.profexpo.ee\/foodfair\/wp-json\/wp\/v2\/media\/16572"}],"wp:attachment":[{"href":"https:\/\/www.profexpo.ee\/foodfair\/wp-json\/wp\/v2\/media?parent=16556"}],"wp:term":[{"taxonomy":"category","embeddable":true,"href":"https:\/\/www.profexpo.ee\/foodfair\/wp-json\/wp\/v2\/categories?post=16556"},{"taxonomy":"post_tag","embeddable":true,"href":"https:\/\/www.profexpo.ee\/foodfair\/wp-json\/wp\/v2\/tags?post=16556"}],"curies":[{"name":"wp","href":"https:\/\/api.w.org\/{rel}","templated":true}]}}