{"id":18728,"date":"2025-09-26T13:29:56","date_gmt":"2025-09-26T10:29:56","guid":{"rendered":"https:\/\/www.profexpo.ee\/foodfair\/?p=18728"},"modified":"2025-09-29T13:18:35","modified_gmt":"2025-09-29T10:18:35","slug":"laur-ihermann-krooniti-seitsmendat-korda-eesti-meistriks-alkoholivabade-kokteilide-valmistamises","status":"publish","type":"post","link":"https:\/\/www.profexpo.ee\/foodfair\/2025\/09\/26\/laur-ihermann-krooniti-seitsmendat-korda-eesti-meistriks-alkoholivabade-kokteilide-valmistamises\/","title":{"rendered":"Laur Ihermann krooniti seitsmendat korda Eesti meistriks alkoholivabade kokteilide valmistamises"},"content":{"rendered":"<p><strong>25. septembril toimusid Tallinna Toidumessi raames XIV Eesti Baarmenite Meistriv\u00f5istlused alkoholivabade kokteilide valmistamises, mille v\u00f5itjaks krooniti Laur Ihermann kokteiliga \u201cBe The Storm\u201d.\u00a0<\/strong><\/p>\n<p>V\u00f5idukokteil on inspireeritud autori elust endast: nimelt soovis Laur kokteilis peegeldada kiiret elutempot, mis on kaasnenud lapse saamise, uue kodu ja kiire t\u00f6\u00f6graafikuga. Selle jaoks asetas Laur klaasi p\u00f5hja magnetpulga, mis tekitas klaasi sisse tornaadot meenutava veekeerise.<\/p>\n<p>Peakorraldaja Vyacheslav Ilichevi s\u00f5nul olid k\u00f5ik osalejad heal tasemel, kuid Laur p\u00e4lvis \u017e\u00fcrii heakskiidu oma innovaatilisuse ja tehnoloogia kasutamisega.<\/p>\n<p>V\u00f5itjana saab Laur Eestit esindada Mattoni Grand Drink Alkoholivabade Kokteilide Maailmameistriv\u00f5istlusel, mis toimub 2026. aasta juunis T\u0161ehhis, Karlovy Varys. See pole tema jaoks aga esimene kord: nimelt on ta maailmameistriv\u00f5istlused juba 2019. aastal v\u00f5itnud ning 2024. aastal p\u00e4lvinud teise koha. Eestis on Laur alkoholivabade kokteilide valmistamise meistriks tulnud seitse korda.<\/p>\n<p>V\u00f5istlusel osalejad pidid seitsme minuti jooksul valmistama neli identset originaalkokteili. Vastavalt reeglistikule oli \u00fcks kokteili koostisosa loosiga t\u00f5mmatud, kasutada ei tohtinud maitsevett ning jook tuli valmis segada kohapeal. \u017d\u00fcrii hindas v\u00f5istlejate innovaatilisust, kuid pidas samuti oluliseks seda, kui lihtne on v\u00f5istluskokteile j\u00e4rgi teha.<\/p>\n<p>\u017d\u00fcriisse kuulusid tippbaarmenid ja eriala professionaalid: Erik Tammeleht, Silver Illak, Martin Hanson, Ene Ojaveski, Kirills Bierands ja Lisete Ruustalu.<\/p>\n<p>Eesti Baarmenite Meistriv\u00f5istlused on sektori tipps\u00fcndmus, mis pakub igal aastal uusi ja unikaalseid kokteiliretsepte ning annab v\u00f5imaluse sektori professionaalidel oma oskusi proovile panna.<\/p>\n<p>Foto: K\u00fclli Tedre<\/p>\n","protected":false},"excerpt":{"rendered":"25. septembril toimusid Tallinna Toidumessi raames XIV Eesti Baarmenite Meistriv\u00f5istlused alkoholivabade kokteilide valmistamises, mille v\u00f5itjaks krooniti Laur Ihermann kokteiliga \u201cBe The Storm\u201d.\u00a0 V\u00f5idukokteil on inspireeritud autori elust endast: nimelt soovis Laur kokteilis peegeldada kiiret elutempot, mis on kaasnenud lapse saamise, uue kodu ja kiire t\u00f6\u00f6graafikuga. Selle jaoks asetas Laur klaasi p\u00f5hja magnetpulga, mis tekitas klaasi&#8230; <a class=\"view-article\" href=\"https:\/\/www.profexpo.ee\/foodfair\/2025\/09\/26\/laur-ihermann-krooniti-seitsmendat-korda-eesti-meistriks-alkoholivabade-kokteilide-valmistamises\/\">Loe edasi<\/a>","protected":false},"author":3,"featured_media":18729,"comment_status":"open","ping_status":"open","sticky":false,"template":"","format":"standard","meta":{"footnotes":""},"categories":[2],"tags":[],"class_list":["post-18728","post","type-post","status-publish","format-standard","has-post-thumbnail","hentry","category-maaratlemata-et"],"yoast_head":"<!-- This site is optimized with the Yoast SEO plugin v24.7 - https:\/\/yoast.com\/wordpress\/plugins\/seo\/ -->\n<title>Laur Ihermann krooniti seitsmendat korda Eesti meistriks alkoholivabade kokteilide valmistamises - Tallinna Toidumess 2026<\/title>\n<meta name=\"robots\" content=\"index, follow, max-snippet:-1, max-image-preview:large, max-video-preview:-1\" \/>\n<link rel=\"canonical\" href=\"https:\/\/www.profexpo.ee\/foodfair\/2025\/09\/26\/laur-ihermann-krooniti-seitsmendat-korda-eesti-meistriks-alkoholivabade-kokteilide-valmistamises\/\" \/>\n<script type=\"application\/ld+json\" class=\"yoast-schema-graph\">{\"@context\":\"https:\/\/schema.org\",\"@graph\":[{\"@type\":\"WebPage\",\"@id\":\"https:\/\/www.profexpo.ee\/foodfair\/2025\/09\/26\/laur-ihermann-krooniti-seitsmendat-korda-eesti-meistriks-alkoholivabade-kokteilide-valmistamises\/\",\"url\":\"https:\/\/www.profexpo.ee\/foodfair\/2025\/09\/26\/laur-ihermann-krooniti-seitsmendat-korda-eesti-meistriks-alkoholivabade-kokteilide-valmistamises\/\",\"name\":\"Laur Ihermann krooniti seitsmendat korda Eesti meistriks alkoholivabade kokteilide valmistamises - Tallinna Toidumess 2026\",\"isPartOf\":{\"@id\":\"https:\/\/www.profexpo.ee\/foodfair\/#website\"},\"primaryImageOfPage\":{\"@id\":\"https:\/\/www.profexpo.ee\/foodfair\/2025\/09\/26\/laur-ihermann-krooniti-seitsmendat-korda-eesti-meistriks-alkoholivabade-kokteilide-valmistamises\/#primaryimage\"},\"image\":{\"@id\":\"https:\/\/www.profexpo.ee\/foodfair\/2025\/09\/26\/laur-ihermann-krooniti-seitsmendat-korda-eesti-meistriks-alkoholivabade-kokteilide-valmistamises\/#primaryimage\"},\"thumbnailUrl\":\"https:\/\/www.profexpo.ee\/foodfair\/wp-content\/uploads\/2025\/09\/EMV-esikolmik-002-scaled.jpg\",\"datePublished\":\"2025-09-26T10:29:56+00:00\",\"dateModified\":\"2025-09-29T10:18:35+00:00\",\"author\":{\"@id\":\"https:\/\/www.profexpo.ee\/foodfair\/#\/schema\/person\/d5f0e99e41e78c79ff5dbf671616b852\"},\"breadcrumb\":{\"@id\":\"https:\/\/www.profexpo.ee\/foodfair\/2025\/09\/26\/laur-ihermann-krooniti-seitsmendat-korda-eesti-meistriks-alkoholivabade-kokteilide-valmistamises\/#breadcrumb\"},\"inLanguage\":\"et\",\"potentialAction\":[{\"@type\":\"ReadAction\",\"target\":[\"https:\/\/www.profexpo.ee\/foodfair\/2025\/09\/26\/laur-ihermann-krooniti-seitsmendat-korda-eesti-meistriks-alkoholivabade-kokteilide-valmistamises\/\"]}]},{\"@type\":\"ImageObject\",\"inLanguage\":\"et\",\"@id\":\"https:\/\/www.profexpo.ee\/foodfair\/2025\/09\/26\/laur-ihermann-krooniti-seitsmendat-korda-eesti-meistriks-alkoholivabade-kokteilide-valmistamises\/#primaryimage\",\"url\":\"https:\/\/www.profexpo.ee\/foodfair\/wp-content\/uploads\/2025\/09\/EMV-esikolmik-002-scaled.jpg\",\"contentUrl\":\"https:\/\/www.profexpo.ee\/foodfair\/wp-content\/uploads\/2025\/09\/EMV-esikolmik-002-scaled.jpg\",\"width\":2560,\"height\":1707},{\"@type\":\"BreadcrumbList\",\"@id\":\"https:\/\/www.profexpo.ee\/foodfair\/2025\/09\/26\/laur-ihermann-krooniti-seitsmendat-korda-eesti-meistriks-alkoholivabade-kokteilide-valmistamises\/#breadcrumb\",\"itemListElement\":[{\"@type\":\"ListItem\",\"position\":1,\"name\":\"Home\",\"item\":\"https:\/\/www.profexpo.ee\/foodfair\/\"},{\"@type\":\"ListItem\",\"position\":2,\"name\":\"Laur Ihermann krooniti seitsmendat korda Eesti meistriks alkoholivabade kokteilide valmistamises\"}]},{\"@type\":\"WebSite\",\"@id\":\"https:\/\/www.profexpo.ee\/foodfair\/#website\",\"url\":\"https:\/\/www.profexpo.ee\/foodfair\/\",\"name\":\"Tallinn FoodFair\",\"description\":\"Tallinna Toidumess 2026\",\"alternateName\":\"sdaf\",\"potentialAction\":[{\"@type\":\"SearchAction\",\"target\":{\"@type\":\"EntryPoint\",\"urlTemplate\":\"https:\/\/www.profexpo.ee\/foodfair\/?s={search_term_string}\"},\"query-input\":{\"@type\":\"PropertyValueSpecification\",\"valueRequired\":true,\"valueName\":\"search_term_string\"}}],\"inLanguage\":\"et\"},{\"@type\":\"Person\",\"@id\":\"https:\/\/www.profexpo.ee\/foodfair\/#\/schema\/person\/d5f0e99e41e78c79ff5dbf671616b852\",\"name\":\"profexpo\",\"image\":{\"@type\":\"ImageObject\",\"inLanguage\":\"et\",\"@id\":\"https:\/\/www.profexpo.ee\/foodfair\/#\/schema\/person\/image\/\",\"url\":\"https:\/\/secure.gravatar.com\/avatar\/a55493e68c392eb4fdf21a90b6538e7e?s=96&d=mm&r=g\",\"contentUrl\":\"https:\/\/secure.gravatar.com\/avatar\/a55493e68c392eb4fdf21a90b6538e7e?s=96&d=mm&r=g\",\"caption\":\"profexpo\"},\"url\":\"https:\/\/www.profexpo.ee\/foodfair\/author\/profexpo\/\"}]}<\/script>\n<!-- \/ Yoast SEO plugin. -->","yoast_head_json":{"title":"Laur Ihermann krooniti seitsmendat korda Eesti meistriks alkoholivabade kokteilide valmistamises - Tallinna Toidumess 2026","robots":{"index":"index","follow":"follow","max-snippet":"max-snippet:-1","max-image-preview":"max-image-preview:large","max-video-preview":"max-video-preview:-1"},"canonical":"https:\/\/www.profexpo.ee\/foodfair\/2025\/09\/26\/laur-ihermann-krooniti-seitsmendat-korda-eesti-meistriks-alkoholivabade-kokteilide-valmistamises\/","schema":{"@context":"https:\/\/schema.org","@graph":[{"@type":"WebPage","@id":"https:\/\/www.profexpo.ee\/foodfair\/2025\/09\/26\/laur-ihermann-krooniti-seitsmendat-korda-eesti-meistriks-alkoholivabade-kokteilide-valmistamises\/","url":"https:\/\/www.profexpo.ee\/foodfair\/2025\/09\/26\/laur-ihermann-krooniti-seitsmendat-korda-eesti-meistriks-alkoholivabade-kokteilide-valmistamises\/","name":"Laur Ihermann krooniti seitsmendat korda Eesti meistriks alkoholivabade kokteilide valmistamises - Tallinna Toidumess 2026","isPartOf":{"@id":"https:\/\/www.profexpo.ee\/foodfair\/#website"},"primaryImageOfPage":{"@id":"https:\/\/www.profexpo.ee\/foodfair\/2025\/09\/26\/laur-ihermann-krooniti-seitsmendat-korda-eesti-meistriks-alkoholivabade-kokteilide-valmistamises\/#primaryimage"},"image":{"@id":"https:\/\/www.profexpo.ee\/foodfair\/2025\/09\/26\/laur-ihermann-krooniti-seitsmendat-korda-eesti-meistriks-alkoholivabade-kokteilide-valmistamises\/#primaryimage"},"thumbnailUrl":"https:\/\/www.profexpo.ee\/foodfair\/wp-content\/uploads\/2025\/09\/EMV-esikolmik-002-scaled.jpg","datePublished":"2025-09-26T10:29:56+00:00","dateModified":"2025-09-29T10:18:35+00:00","author":{"@id":"https:\/\/www.profexpo.ee\/foodfair\/#\/schema\/person\/d5f0e99e41e78c79ff5dbf671616b852"},"breadcrumb":{"@id":"https:\/\/www.profexpo.ee\/foodfair\/2025\/09\/26\/laur-ihermann-krooniti-seitsmendat-korda-eesti-meistriks-alkoholivabade-kokteilide-valmistamises\/#breadcrumb"},"inLanguage":"et","potentialAction":[{"@type":"ReadAction","target":["https:\/\/www.profexpo.ee\/foodfair\/2025\/09\/26\/laur-ihermann-krooniti-seitsmendat-korda-eesti-meistriks-alkoholivabade-kokteilide-valmistamises\/"]}]},{"@type":"ImageObject","inLanguage":"et","@id":"https:\/\/www.profexpo.ee\/foodfair\/2025\/09\/26\/laur-ihermann-krooniti-seitsmendat-korda-eesti-meistriks-alkoholivabade-kokteilide-valmistamises\/#primaryimage","url":"https:\/\/www.profexpo.ee\/foodfair\/wp-content\/uploads\/2025\/09\/EMV-esikolmik-002-scaled.jpg","contentUrl":"https:\/\/www.profexpo.ee\/foodfair\/wp-content\/uploads\/2025\/09\/EMV-esikolmik-002-scaled.jpg","width":2560,"height":1707},{"@type":"BreadcrumbList","@id":"https:\/\/www.profexpo.ee\/foodfair\/2025\/09\/26\/laur-ihermann-krooniti-seitsmendat-korda-eesti-meistriks-alkoholivabade-kokteilide-valmistamises\/#breadcrumb","itemListElement":[{"@type":"ListItem","position":1,"name":"Home","item":"https:\/\/www.profexpo.ee\/foodfair\/"},{"@type":"ListItem","position":2,"name":"Laur Ihermann krooniti seitsmendat korda Eesti meistriks alkoholivabade kokteilide valmistamises"}]},{"@type":"WebSite","@id":"https:\/\/www.profexpo.ee\/foodfair\/#website","url":"https:\/\/www.profexpo.ee\/foodfair\/","name":"Tallinn FoodFair","description":"Tallinna Toidumess 2026","alternateName":"sdaf","potentialAction":[{"@type":"SearchAction","target":{"@type":"EntryPoint","urlTemplate":"https:\/\/www.profexpo.ee\/foodfair\/?s={search_term_string}"},"query-input":{"@type":"PropertyValueSpecification","valueRequired":true,"valueName":"search_term_string"}}],"inLanguage":"et"},{"@type":"Person","@id":"https:\/\/www.profexpo.ee\/foodfair\/#\/schema\/person\/d5f0e99e41e78c79ff5dbf671616b852","name":"profexpo","image":{"@type":"ImageObject","inLanguage":"et","@id":"https:\/\/www.profexpo.ee\/foodfair\/#\/schema\/person\/image\/","url":"https:\/\/secure.gravatar.com\/avatar\/a55493e68c392eb4fdf21a90b6538e7e?s=96&d=mm&r=g","contentUrl":"https:\/\/secure.gravatar.com\/avatar\/a55493e68c392eb4fdf21a90b6538e7e?s=96&d=mm&r=g","caption":"profexpo"},"url":"https:\/\/www.profexpo.ee\/foodfair\/author\/profexpo\/"}]}},"_links":{"self":[{"href":"https:\/\/www.profexpo.ee\/foodfair\/wp-json\/wp\/v2\/posts\/18728","targetHints":{"allow":["GET"]}}],"collection":[{"href":"https:\/\/www.profexpo.ee\/foodfair\/wp-json\/wp\/v2\/posts"}],"about":[{"href":"https:\/\/www.profexpo.ee\/foodfair\/wp-json\/wp\/v2\/types\/post"}],"author":[{"embeddable":true,"href":"https:\/\/www.profexpo.ee\/foodfair\/wp-json\/wp\/v2\/users\/3"}],"replies":[{"embeddable":true,"href":"https:\/\/www.profexpo.ee\/foodfair\/wp-json\/wp\/v2\/comments?post=18728"}],"version-history":[{"count":3,"href":"https:\/\/www.profexpo.ee\/foodfair\/wp-json\/wp\/v2\/posts\/18728\/revisions"}],"predecessor-version":[{"id":18755,"href":"https:\/\/www.profexpo.ee\/foodfair\/wp-json\/wp\/v2\/posts\/18728\/revisions\/18755"}],"wp:featuredmedia":[{"embeddable":true,"href":"https:\/\/www.profexpo.ee\/foodfair\/wp-json\/wp\/v2\/media\/18729"}],"wp:attachment":[{"href":"https:\/\/www.profexpo.ee\/foodfair\/wp-json\/wp\/v2\/media?parent=18728"}],"wp:term":[{"taxonomy":"category","embeddable":true,"href":"https:\/\/www.profexpo.ee\/foodfair\/wp-json\/wp\/v2\/categories?post=18728"},{"taxonomy":"post_tag","embeddable":true,"href":"https:\/\/www.profexpo.ee\/foodfair\/wp-json\/wp\/v2\/tags?post=18728"}],"curies":[{"name":"wp","href":"https:\/\/api.w.org\/{rel}","templated":true}]}}