{"id":18739,"date":"2025-09-29T11:53:51","date_gmt":"2025-09-29T08:53:51","guid":{"rendered":"https:\/\/www.profexpo.ee\/foodfair\/?p=18739"},"modified":"2025-09-29T11:59:17","modified_gmt":"2025-09-29T08:59:17","slug":"18739","status":"publish","type":"post","link":"https:\/\/www.profexpo.ee\/foodfair\/2025\/09\/29\/18739\/","title":{"rendered":"Tallinna Toidumessil selgitati v\u00e4lja J\u00f5ulutoode 2025 m\u00e4rgise saajad"},"content":{"rendered":"<p>V\u00f5itjad selgitati v\u00e4lja pimetestiga 1692 messik\u00fclastaja arvamuse p\u00f5hjal. Ilma pakendit n\u00e4gemata ja tootja nime teadmata tuli anda hinnang toodete maitse, l\u00f5hna, sisu ja v\u00e4limuse kohta. V\u00f5istlus toimus 22. korda ning omavahel konkureerisid 27 tootjat ja 88 toodet.<\/p>\n<p>J\u00f5ulutoode 2025 v\u00f5itjad selgitati v\u00e4lja neljas kategoorias:<\/p>\n<p><strong>Lihatoodete kategooria:<\/strong><\/p>\n<p>\u2013 Verivorst \u2013 Rakvere peened verivorstid (Maag Eesti AS)<br \/>\n\u2013 J\u00f5uluvorst \u2013 Prisked ahjuvorstid (Atria Eesti AS)<br \/>\n\u2013 Verik\u00e4kk \u2013 Viilutatud verik\u00e4kk (Atria Eesti AS)<br \/>\n\u2013 S\u00fclt \u2013 S\u00fclt naturaalse kallerdisega (Matsimoka O\u00dc)<br \/>\n\u2013 Pasteet \u2013 Kodune pasteet (Lunden Food O\u00dc)<br \/>\n\u2013 J\u00f5ulupraad \u2013 Sidruni ja salveiga broileripraad kintsulihast (Rannam\u00f5isa \/ Poultry Meat O\u00dc)<br \/>\n\u2013 Liha \u00fcllatustoode \u2013 J\u00e4\u00e4gri seljanka (Rannarootsi Lihat\u00f6\u00f6stus AS)<\/p>\n<p><strong>Pagaritoodete kategooria:<\/strong><\/p>\n<p>\u2013 Piparkook \u2013 Kr\u00f5bedad kaerapiparkoogid (L\u00f5una Pagarid AS)<br \/>\n\u2013 Kook \u2013 Apelsini-beseekook (Gustav Cafe O\u00dc)<br \/>\n\u2013 K\u00fcpsised \u2013 Kihiline k\u00fcpsis &#8220;Pohlake&#8221; (Eesti Leivat\u00f6\u00f6stus AS)<br \/>\n\u2013 Pagari \u00fcllatustoode \u2013 Talvine ahvatlus (Pagaripoisid O\u00dc)<\/p>\n<p><strong>H\u00f5\u00f5gveinide kategooria:<\/strong><\/p>\n<p>\u2013 H\u00f5\u00f5gvein \u2013 W\u00f5lu Kirsi H\u00f5\u00f5gvein (Balmerk Estonia O\u00dc)<br \/>\n\u2013 Alkoholivaba h\u00f5\u00f5gvein \u2013 Aura Gl\u00f6gi kirsi-aroonia (A. Le Coq AS)<\/p>\n<p><strong>J\u00f5ulu\u00f5lle kategooria:<\/strong><\/p>\n<p>\u2013 Saku Originaal Talvelaager (Saku \u00d5lletehase AS)<\/p>\n<p>&nbsp;<\/p>\n<p>&nbsp;<\/p>\n<p>&nbsp;<\/p>\n","protected":false},"excerpt":{"rendered":"V\u00f5itjad selgitati v\u00e4lja pimetestiga 1692 messik\u00fclastaja arvamuse p\u00f5hjal. Ilma pakendit n\u00e4gemata ja tootja nime teadmata tuli anda hinnang toodete maitse, l\u00f5hna, sisu ja v\u00e4limuse kohta. V\u00f5istlus toimus 22. korda ning omavahel konkureerisid 27 tootjat ja 88 toodet. J\u00f5ulutoode 2025 v\u00f5itjad selgitati v\u00e4lja neljas kategoorias: Lihatoodete kategooria: \u2013 Verivorst \u2013 Rakvere peened verivorstid (Maag Eesti AS)&#8230; <a class=\"view-article\" href=\"https:\/\/www.profexpo.ee\/foodfair\/2025\/09\/29\/18739\/\">Loe edasi<\/a>","protected":false},"author":7,"featured_media":17908,"comment_status":"open","ping_status":"open","sticky":false,"template":"","format":"standard","meta":{"footnotes":""},"categories":[2],"tags":[],"class_list":["post-18739","post","type-post","status-publish","format-standard","has-post-thumbnail","hentry","category-maaratlemata-et"],"yoast_head":"<!-- This site is optimized with the Yoast SEO plugin v24.7 - https:\/\/yoast.com\/wordpress\/plugins\/seo\/ -->\n<title>Tallinna Toidumessil selgitati v\u00e4lja J\u00f5ulutoode 2025 m\u00e4rgise saajad - Tallinna Toidumess 2026<\/title>\n<meta name=\"robots\" content=\"index, follow, max-snippet:-1, max-image-preview:large, max-video-preview:-1\" \/>\n<link rel=\"canonical\" href=\"https:\/\/www.profexpo.ee\/foodfair\/2025\/09\/29\/18739\/\" \/>\n<script type=\"application\/ld+json\" class=\"yoast-schema-graph\">{\"@context\":\"https:\/\/schema.org\",\"@graph\":[{\"@type\":\"WebPage\",\"@id\":\"https:\/\/www.profexpo.ee\/foodfair\/2025\/09\/29\/18739\/\",\"url\":\"https:\/\/www.profexpo.ee\/foodfair\/2025\/09\/29\/18739\/\",\"name\":\"Tallinna Toidumessil selgitati v\u00e4lja J\u00f5ulutoode 2025 m\u00e4rgise saajad - Tallinna Toidumess 2026\",\"isPartOf\":{\"@id\":\"https:\/\/www.profexpo.ee\/foodfair\/#website\"},\"primaryImageOfPage\":{\"@id\":\"https:\/\/www.profexpo.ee\/foodfair\/2025\/09\/29\/18739\/#primaryimage\"},\"image\":{\"@id\":\"https:\/\/www.profexpo.ee\/foodfair\/2025\/09\/29\/18739\/#primaryimage\"},\"thumbnailUrl\":\"https:\/\/www.profexpo.ee\/foodfair\/wp-content\/uploads\/2025\/08\/joulutoode_2025_logo_yld-01-e1759143428942.png\",\"datePublished\":\"2025-09-29T08:53:51+00:00\",\"dateModified\":\"2025-09-29T08:59:17+00:00\",\"author\":{\"@id\":\"https:\/\/www.profexpo.ee\/foodfair\/#\/schema\/person\/a33860c8cd5e9304fed9e8b62a5440fc\"},\"breadcrumb\":{\"@id\":\"https:\/\/www.profexpo.ee\/foodfair\/2025\/09\/29\/18739\/#breadcrumb\"},\"inLanguage\":\"et\",\"potentialAction\":[{\"@type\":\"ReadAction\",\"target\":[\"https:\/\/www.profexpo.ee\/foodfair\/2025\/09\/29\/18739\/\"]}]},{\"@type\":\"ImageObject\",\"inLanguage\":\"et\",\"@id\":\"https:\/\/www.profexpo.ee\/foodfair\/2025\/09\/29\/18739\/#primaryimage\",\"url\":\"https:\/\/www.profexpo.ee\/foodfair\/wp-content\/uploads\/2025\/08\/joulutoode_2025_logo_yld-01-e1759143428942.png\",\"contentUrl\":\"https:\/\/www.profexpo.ee\/foodfair\/wp-content\/uploads\/2025\/08\/joulutoode_2025_logo_yld-01-e1759143428942.png\",\"width\":400,\"height\":400},{\"@type\":\"BreadcrumbList\",\"@id\":\"https:\/\/www.profexpo.ee\/foodfair\/2025\/09\/29\/18739\/#breadcrumb\",\"itemListElement\":[{\"@type\":\"ListItem\",\"position\":1,\"name\":\"Home\",\"item\":\"https:\/\/www.profexpo.ee\/foodfair\/\"},{\"@type\":\"ListItem\",\"position\":2,\"name\":\"Tallinna Toidumessil selgitati v\u00e4lja J\u00f5ulutoode 2025 m\u00e4rgise saajad\"}]},{\"@type\":\"WebSite\",\"@id\":\"https:\/\/www.profexpo.ee\/foodfair\/#website\",\"url\":\"https:\/\/www.profexpo.ee\/foodfair\/\",\"name\":\"Tallinn FoodFair\",\"description\":\"Tallinna Toidumess 2026\",\"alternateName\":\"sdaf\",\"potentialAction\":[{\"@type\":\"SearchAction\",\"target\":{\"@type\":\"EntryPoint\",\"urlTemplate\":\"https:\/\/www.profexpo.ee\/foodfair\/?s={search_term_string}\"},\"query-input\":{\"@type\":\"PropertyValueSpecification\",\"valueRequired\":true,\"valueName\":\"search_term_string\"}}],\"inLanguage\":\"et\"},{\"@type\":\"Person\",\"@id\":\"https:\/\/www.profexpo.ee\/foodfair\/#\/schema\/person\/a33860c8cd5e9304fed9e8b62a5440fc\",\"name\":\"Kriste K\u00f5vamees-Roosna\",\"image\":{\"@type\":\"ImageObject\",\"inLanguage\":\"et\",\"@id\":\"https:\/\/www.profexpo.ee\/foodfair\/#\/schema\/person\/image\/\",\"url\":\"https:\/\/secure.gravatar.com\/avatar\/c16f86383a4f81c1647b976529d9557d?s=96&d=mm&r=g\",\"contentUrl\":\"https:\/\/secure.gravatar.com\/avatar\/c16f86383a4f81c1647b976529d9557d?s=96&d=mm&r=g\",\"caption\":\"Kriste K\u00f5vamees-Roosna\"},\"url\":\"https:\/\/www.profexpo.ee\/foodfair\/author\/kriste\/\"}]}<\/script>\n<!-- \/ Yoast SEO plugin. -->","yoast_head_json":{"title":"Tallinna Toidumessil selgitati v\u00e4lja J\u00f5ulutoode 2025 m\u00e4rgise saajad - Tallinna Toidumess 2026","robots":{"index":"index","follow":"follow","max-snippet":"max-snippet:-1","max-image-preview":"max-image-preview:large","max-video-preview":"max-video-preview:-1"},"canonical":"https:\/\/www.profexpo.ee\/foodfair\/2025\/09\/29\/18739\/","schema":{"@context":"https:\/\/schema.org","@graph":[{"@type":"WebPage","@id":"https:\/\/www.profexpo.ee\/foodfair\/2025\/09\/29\/18739\/","url":"https:\/\/www.profexpo.ee\/foodfair\/2025\/09\/29\/18739\/","name":"Tallinna Toidumessil selgitati v\u00e4lja J\u00f5ulutoode 2025 m\u00e4rgise saajad - Tallinna Toidumess 2026","isPartOf":{"@id":"https:\/\/www.profexpo.ee\/foodfair\/#website"},"primaryImageOfPage":{"@id":"https:\/\/www.profexpo.ee\/foodfair\/2025\/09\/29\/18739\/#primaryimage"},"image":{"@id":"https:\/\/www.profexpo.ee\/foodfair\/2025\/09\/29\/18739\/#primaryimage"},"thumbnailUrl":"https:\/\/www.profexpo.ee\/foodfair\/wp-content\/uploads\/2025\/08\/joulutoode_2025_logo_yld-01-e1759143428942.png","datePublished":"2025-09-29T08:53:51+00:00","dateModified":"2025-09-29T08:59:17+00:00","author":{"@id":"https:\/\/www.profexpo.ee\/foodfair\/#\/schema\/person\/a33860c8cd5e9304fed9e8b62a5440fc"},"breadcrumb":{"@id":"https:\/\/www.profexpo.ee\/foodfair\/2025\/09\/29\/18739\/#breadcrumb"},"inLanguage":"et","potentialAction":[{"@type":"ReadAction","target":["https:\/\/www.profexpo.ee\/foodfair\/2025\/09\/29\/18739\/"]}]},{"@type":"ImageObject","inLanguage":"et","@id":"https:\/\/www.profexpo.ee\/foodfair\/2025\/09\/29\/18739\/#primaryimage","url":"https:\/\/www.profexpo.ee\/foodfair\/wp-content\/uploads\/2025\/08\/joulutoode_2025_logo_yld-01-e1759143428942.png","contentUrl":"https:\/\/www.profexpo.ee\/foodfair\/wp-content\/uploads\/2025\/08\/joulutoode_2025_logo_yld-01-e1759143428942.png","width":400,"height":400},{"@type":"BreadcrumbList","@id":"https:\/\/www.profexpo.ee\/foodfair\/2025\/09\/29\/18739\/#breadcrumb","itemListElement":[{"@type":"ListItem","position":1,"name":"Home","item":"https:\/\/www.profexpo.ee\/foodfair\/"},{"@type":"ListItem","position":2,"name":"Tallinna Toidumessil selgitati v\u00e4lja J\u00f5ulutoode 2025 m\u00e4rgise saajad"}]},{"@type":"WebSite","@id":"https:\/\/www.profexpo.ee\/foodfair\/#website","url":"https:\/\/www.profexpo.ee\/foodfair\/","name":"Tallinn FoodFair","description":"Tallinna Toidumess 2026","alternateName":"sdaf","potentialAction":[{"@type":"SearchAction","target":{"@type":"EntryPoint","urlTemplate":"https:\/\/www.profexpo.ee\/foodfair\/?s={search_term_string}"},"query-input":{"@type":"PropertyValueSpecification","valueRequired":true,"valueName":"search_term_string"}}],"inLanguage":"et"},{"@type":"Person","@id":"https:\/\/www.profexpo.ee\/foodfair\/#\/schema\/person\/a33860c8cd5e9304fed9e8b62a5440fc","name":"Kriste K\u00f5vamees-Roosna","image":{"@type":"ImageObject","inLanguage":"et","@id":"https:\/\/www.profexpo.ee\/foodfair\/#\/schema\/person\/image\/","url":"https:\/\/secure.gravatar.com\/avatar\/c16f86383a4f81c1647b976529d9557d?s=96&d=mm&r=g","contentUrl":"https:\/\/secure.gravatar.com\/avatar\/c16f86383a4f81c1647b976529d9557d?s=96&d=mm&r=g","caption":"Kriste K\u00f5vamees-Roosna"},"url":"https:\/\/www.profexpo.ee\/foodfair\/author\/kriste\/"}]}},"_links":{"self":[{"href":"https:\/\/www.profexpo.ee\/foodfair\/wp-json\/wp\/v2\/posts\/18739","targetHints":{"allow":["GET"]}}],"collection":[{"href":"https:\/\/www.profexpo.ee\/foodfair\/wp-json\/wp\/v2\/posts"}],"about":[{"href":"https:\/\/www.profexpo.ee\/foodfair\/wp-json\/wp\/v2\/types\/post"}],"author":[{"embeddable":true,"href":"https:\/\/www.profexpo.ee\/foodfair\/wp-json\/wp\/v2\/users\/7"}],"replies":[{"embeddable":true,"href":"https:\/\/www.profexpo.ee\/foodfair\/wp-json\/wp\/v2\/comments?post=18739"}],"version-history":[{"count":5,"href":"https:\/\/www.profexpo.ee\/foodfair\/wp-json\/wp\/v2\/posts\/18739\/revisions"}],"predecessor-version":[{"id":18745,"href":"https:\/\/www.profexpo.ee\/foodfair\/wp-json\/wp\/v2\/posts\/18739\/revisions\/18745"}],"wp:featuredmedia":[{"embeddable":true,"href":"https:\/\/www.profexpo.ee\/foodfair\/wp-json\/wp\/v2\/media\/17908"}],"wp:attachment":[{"href":"https:\/\/www.profexpo.ee\/foodfair\/wp-json\/wp\/v2\/media?parent=18739"}],"wp:term":[{"taxonomy":"category","embeddable":true,"href":"https:\/\/www.profexpo.ee\/foodfair\/wp-json\/wp\/v2\/categories?post=18739"},{"taxonomy":"post_tag","embeddable":true,"href":"https:\/\/www.profexpo.ee\/foodfair\/wp-json\/wp\/v2\/tags?post=18739"}],"curies":[{"name":"wp","href":"https:\/\/api.w.org\/{rel}","templated":true}]}}