{"id":18746,"date":"2025-09-29T13:14:40","date_gmt":"2025-09-29T10:14:40","guid":{"rendered":"https:\/\/www.profexpo.ee\/foodfair\/?p=18746"},"modified":"2025-09-29T13:56:00","modified_gmt":"2025-09-29T10:56:00","slug":"selgusid-eesti-parimad-pitsameistrid-kaksikvoit-laks-tartusse-kolmanda-koha-palvis-rakvere","status":"publish","type":"post","link":"https:\/\/www.profexpo.ee\/foodfair\/2025\/09\/29\/selgusid-eesti-parimad-pitsameistrid-kaksikvoit-laks-tartusse-kolmanda-koha-palvis-rakvere\/","title":{"rendered":"Selgusid Eesti parimad pitsameistrid: kaksikv\u00f5it l\u00e4ks Tartusse, kolmanda koha p\u00e4lvis Rakvere"},"content":{"rendered":"<p><strong>24. <\/strong><strong>septembril toimus Tallinna Toidumessil Eesti pitsameistrite Pizza Karikas, kus omavahel v\u00f5istlesid vabariigi parimad pitsameistrid.<\/strong><\/p>\n<p>Eesti parimaks pitsameistriks tunnistati tartlane <strong>Siim Piir<\/strong> ja teise koha p\u00e4lvis v\u00f5itjaga samas k\u00f6\u00f6gis pitsasid k\u00fcpsetav <strong>Maksym Sburin \u2013 <\/strong>m\u00f5lemad t\u00f6\u00f6tavad Tartu <strong>La Dolce Vita Ristorante Italiano<\/strong> restoranis. Kolmanda auhinna v\u00f5itis <strong>Ranel Alberthal<\/strong> Rakvere <strong>Ciao Bella Pitsa<\/strong> restoranist.<\/p>\n<p>V\u00f5istlus k\u00e4is oskuste ja loovuse peale. Kriteeriumid, mille alusel professionaalsetest pitsameistritest koosnev \u017e\u00fcrii hindeid andis, oli pitsa p\u00f5hja kr\u00f5bedus, kastme ja juustu tasakaal, katete ja taigna suhe, maitse ja \u00fcldmulje ning t\u00f6\u00f6koha puhtus.<\/p>\n<p>Selleks, et Eesti parimate pitsameistrite hulka j\u00f5uda, tuli v\u00f5istlejatel k\u00fcpsetada kaks pitsat \u2013 klassikaline Pizza Margherita ning fantaasiapitsa ehk \u201ePizza on the Peel\u201c.<\/p>\n<p>V\u00f5itjad kinnitasid, et k\u00f5ige aluseks on p\u00f5hi ning hea Pizza Margherita on restorani kvaliteedim\u00e4rk. Fantaasiapitsa voor andis aga k\u00f5igile osalejatele v\u00f5imaluse pakkuda \u017e\u00fcriile erilisi maitseelamusi.<\/p>\n<p>V\u00f5istlust hindas rahvusvaheline pitsameistritest koosnev \u017e\u00fcrii koosseisus Artis Zentins, Timur Bjornson, Francesco Gelo ja Matteo Trestini.<\/p>\n<p>Esikoha v\u00f5itja saab Reaton Foodi poolt preemiaks koolitusreisi pitsa s\u00fcnnilinna Napolisse \u2013 Associazione Verace Pizza Napoletana (AVPN) juurde.<\/p>\n<p>Pitsameistrite v\u00f5istlust korraldas Reaton Food ja Eesti Peakokkade \u00fchendus.<\/p>\n<p>V\u00f5istlus arendab Eesti pitsakultuuri, t\u00f5stab pitsameistrite ehk pizzaiolode meisterlikkust ning pakub p\u00f5nevat kokandusshow\u2019d.<\/p>\n<p>Foto: Marek Metslaid<\/p>\n<p><em>\u00a0<\/em><\/p>\n","protected":false},"excerpt":{"rendered":"24. septembril toimus Tallinna Toidumessil Eesti pitsameistrite Pizza Karikas, kus omavahel v\u00f5istlesid vabariigi parimad pitsameistrid. Eesti parimaks pitsameistriks tunnistati tartlane Siim Piir ja teise koha p\u00e4lvis v\u00f5itjaga samas k\u00f6\u00f6gis pitsasid k\u00fcpsetav Maksym Sburin \u2013 m\u00f5lemad t\u00f6\u00f6tavad Tartu La Dolce Vita Ristorante Italiano restoranis. Kolmanda auhinna v\u00f5itis Ranel Alberthal Rakvere Ciao Bella Pitsa restoranist. V\u00f5istlus k\u00e4is&#8230; <a class=\"view-article\" href=\"https:\/\/www.profexpo.ee\/foodfair\/2025\/09\/29\/selgusid-eesti-parimad-pitsameistrid-kaksikvoit-laks-tartusse-kolmanda-koha-palvis-rakvere\/\">Loe edasi<\/a>","protected":false},"author":7,"featured_media":18766,"comment_status":"open","ping_status":"open","sticky":false,"template":"","format":"standard","meta":{"footnotes":""},"categories":[2],"tags":[],"class_list":["post-18746","post","type-post","status-publish","format-standard","has-post-thumbnail","hentry","category-maaratlemata-et"],"yoast_head":"<!-- This site is optimized with the Yoast SEO plugin v24.7 - https:\/\/yoast.com\/wordpress\/plugins\/seo\/ -->\n<title>Selgusid Eesti parimad pitsameistrid: kaksikv\u00f5it l\u00e4ks Tartusse, kolmanda koha p\u00e4lvis Rakvere - Tallinna Toidumess 2026<\/title>\n<meta name=\"robots\" content=\"index, follow, max-snippet:-1, max-image-preview:large, max-video-preview:-1\" \/>\n<link rel=\"canonical\" href=\"https:\/\/www.profexpo.ee\/foodfair\/2025\/09\/29\/selgusid-eesti-parimad-pitsameistrid-kaksikvoit-laks-tartusse-kolmanda-koha-palvis-rakvere\/\" \/>\n<script type=\"application\/ld+json\" class=\"yoast-schema-graph\">{\"@context\":\"https:\/\/schema.org\",\"@graph\":[{\"@type\":\"WebPage\",\"@id\":\"https:\/\/www.profexpo.ee\/foodfair\/2025\/09\/29\/selgusid-eesti-parimad-pitsameistrid-kaksikvoit-laks-tartusse-kolmanda-koha-palvis-rakvere\/\",\"url\":\"https:\/\/www.profexpo.ee\/foodfair\/2025\/09\/29\/selgusid-eesti-parimad-pitsameistrid-kaksikvoit-laks-tartusse-kolmanda-koha-palvis-rakvere\/\",\"name\":\"Selgusid Eesti parimad pitsameistrid: kaksikv\u00f5it l\u00e4ks Tartusse, kolmanda koha p\u00e4lvis Rakvere - Tallinna Toidumess 2026\",\"isPartOf\":{\"@id\":\"https:\/\/www.profexpo.ee\/foodfair\/#website\"},\"primaryImageOfPage\":{\"@id\":\"https:\/\/www.profexpo.ee\/foodfair\/2025\/09\/29\/selgusid-eesti-parimad-pitsameistrid-kaksikvoit-laks-tartusse-kolmanda-koha-palvis-rakvere\/#primaryimage\"},\"image\":{\"@id\":\"https:\/\/www.profexpo.ee\/foodfair\/2025\/09\/29\/selgusid-eesti-parimad-pitsameistrid-kaksikvoit-laks-tartusse-kolmanda-koha-palvis-rakvere\/#primaryimage\"},\"thumbnailUrl\":\"https:\/\/www.profexpo.ee\/foodfair\/wp-content\/uploads\/2025\/09\/Eesti-parimad-pitsameistrid-Siim-Piir-Maksym-Sburin-Ranel-Alberthal-Tallinna-Toidumess-2025-foto-Marek-Metslaid-1.jpg\",\"datePublished\":\"2025-09-29T10:14:40+00:00\",\"dateModified\":\"2025-09-29T10:56:00+00:00\",\"author\":{\"@id\":\"https:\/\/www.profexpo.ee\/foodfair\/#\/schema\/person\/a33860c8cd5e9304fed9e8b62a5440fc\"},\"breadcrumb\":{\"@id\":\"https:\/\/www.profexpo.ee\/foodfair\/2025\/09\/29\/selgusid-eesti-parimad-pitsameistrid-kaksikvoit-laks-tartusse-kolmanda-koha-palvis-rakvere\/#breadcrumb\"},\"inLanguage\":\"et\",\"potentialAction\":[{\"@type\":\"ReadAction\",\"target\":[\"https:\/\/www.profexpo.ee\/foodfair\/2025\/09\/29\/selgusid-eesti-parimad-pitsameistrid-kaksikvoit-laks-tartusse-kolmanda-koha-palvis-rakvere\/\"]}]},{\"@type\":\"ImageObject\",\"inLanguage\":\"et\",\"@id\":\"https:\/\/www.profexpo.ee\/foodfair\/2025\/09\/29\/selgusid-eesti-parimad-pitsameistrid-kaksikvoit-laks-tartusse-kolmanda-koha-palvis-rakvere\/#primaryimage\",\"url\":\"https:\/\/www.profexpo.ee\/foodfair\/wp-content\/uploads\/2025\/09\/Eesti-parimad-pitsameistrid-Siim-Piir-Maksym-Sburin-Ranel-Alberthal-Tallinna-Toidumess-2025-foto-Marek-Metslaid-1.jpg\",\"contentUrl\":\"https:\/\/www.profexpo.ee\/foodfair\/wp-content\/uploads\/2025\/09\/Eesti-parimad-pitsameistrid-Siim-Piir-Maksym-Sburin-Ranel-Alberthal-Tallinna-Toidumess-2025-foto-Marek-Metslaid-1.jpg\",\"width\":838,\"height\":559},{\"@type\":\"BreadcrumbList\",\"@id\":\"https:\/\/www.profexpo.ee\/foodfair\/2025\/09\/29\/selgusid-eesti-parimad-pitsameistrid-kaksikvoit-laks-tartusse-kolmanda-koha-palvis-rakvere\/#breadcrumb\",\"itemListElement\":[{\"@type\":\"ListItem\",\"position\":1,\"name\":\"Home\",\"item\":\"https:\/\/www.profexpo.ee\/foodfair\/\"},{\"@type\":\"ListItem\",\"position\":2,\"name\":\"Selgusid Eesti parimad pitsameistrid: kaksikv\u00f5it l\u00e4ks Tartusse, kolmanda koha p\u00e4lvis Rakvere\"}]},{\"@type\":\"WebSite\",\"@id\":\"https:\/\/www.profexpo.ee\/foodfair\/#website\",\"url\":\"https:\/\/www.profexpo.ee\/foodfair\/\",\"name\":\"Tallinn FoodFair\",\"description\":\"Tallinna Toidumess 2026\",\"alternateName\":\"sdaf\",\"potentialAction\":[{\"@type\":\"SearchAction\",\"target\":{\"@type\":\"EntryPoint\",\"urlTemplate\":\"https:\/\/www.profexpo.ee\/foodfair\/?s={search_term_string}\"},\"query-input\":{\"@type\":\"PropertyValueSpecification\",\"valueRequired\":true,\"valueName\":\"search_term_string\"}}],\"inLanguage\":\"et\"},{\"@type\":\"Person\",\"@id\":\"https:\/\/www.profexpo.ee\/foodfair\/#\/schema\/person\/a33860c8cd5e9304fed9e8b62a5440fc\",\"name\":\"Kriste K\u00f5vamees-Roosna\",\"image\":{\"@type\":\"ImageObject\",\"inLanguage\":\"et\",\"@id\":\"https:\/\/www.profexpo.ee\/foodfair\/#\/schema\/person\/image\/\",\"url\":\"https:\/\/secure.gravatar.com\/avatar\/c16f86383a4f81c1647b976529d9557d?s=96&d=mm&r=g\",\"contentUrl\":\"https:\/\/secure.gravatar.com\/avatar\/c16f86383a4f81c1647b976529d9557d?s=96&d=mm&r=g\",\"caption\":\"Kriste K\u00f5vamees-Roosna\"},\"url\":\"https:\/\/www.profexpo.ee\/foodfair\/author\/kriste\/\"}]}<\/script>\n<!-- \/ Yoast SEO plugin. -->","yoast_head_json":{"title":"Selgusid Eesti parimad pitsameistrid: kaksikv\u00f5it l\u00e4ks Tartusse, kolmanda koha p\u00e4lvis Rakvere - Tallinna Toidumess 2026","robots":{"index":"index","follow":"follow","max-snippet":"max-snippet:-1","max-image-preview":"max-image-preview:large","max-video-preview":"max-video-preview:-1"},"canonical":"https:\/\/www.profexpo.ee\/foodfair\/2025\/09\/29\/selgusid-eesti-parimad-pitsameistrid-kaksikvoit-laks-tartusse-kolmanda-koha-palvis-rakvere\/","schema":{"@context":"https:\/\/schema.org","@graph":[{"@type":"WebPage","@id":"https:\/\/www.profexpo.ee\/foodfair\/2025\/09\/29\/selgusid-eesti-parimad-pitsameistrid-kaksikvoit-laks-tartusse-kolmanda-koha-palvis-rakvere\/","url":"https:\/\/www.profexpo.ee\/foodfair\/2025\/09\/29\/selgusid-eesti-parimad-pitsameistrid-kaksikvoit-laks-tartusse-kolmanda-koha-palvis-rakvere\/","name":"Selgusid Eesti parimad pitsameistrid: kaksikv\u00f5it l\u00e4ks Tartusse, kolmanda koha p\u00e4lvis Rakvere - Tallinna Toidumess 2026","isPartOf":{"@id":"https:\/\/www.profexpo.ee\/foodfair\/#website"},"primaryImageOfPage":{"@id":"https:\/\/www.profexpo.ee\/foodfair\/2025\/09\/29\/selgusid-eesti-parimad-pitsameistrid-kaksikvoit-laks-tartusse-kolmanda-koha-palvis-rakvere\/#primaryimage"},"image":{"@id":"https:\/\/www.profexpo.ee\/foodfair\/2025\/09\/29\/selgusid-eesti-parimad-pitsameistrid-kaksikvoit-laks-tartusse-kolmanda-koha-palvis-rakvere\/#primaryimage"},"thumbnailUrl":"https:\/\/www.profexpo.ee\/foodfair\/wp-content\/uploads\/2025\/09\/Eesti-parimad-pitsameistrid-Siim-Piir-Maksym-Sburin-Ranel-Alberthal-Tallinna-Toidumess-2025-foto-Marek-Metslaid-1.jpg","datePublished":"2025-09-29T10:14:40+00:00","dateModified":"2025-09-29T10:56:00+00:00","author":{"@id":"https:\/\/www.profexpo.ee\/foodfair\/#\/schema\/person\/a33860c8cd5e9304fed9e8b62a5440fc"},"breadcrumb":{"@id":"https:\/\/www.profexpo.ee\/foodfair\/2025\/09\/29\/selgusid-eesti-parimad-pitsameistrid-kaksikvoit-laks-tartusse-kolmanda-koha-palvis-rakvere\/#breadcrumb"},"inLanguage":"et","potentialAction":[{"@type":"ReadAction","target":["https:\/\/www.profexpo.ee\/foodfair\/2025\/09\/29\/selgusid-eesti-parimad-pitsameistrid-kaksikvoit-laks-tartusse-kolmanda-koha-palvis-rakvere\/"]}]},{"@type":"ImageObject","inLanguage":"et","@id":"https:\/\/www.profexpo.ee\/foodfair\/2025\/09\/29\/selgusid-eesti-parimad-pitsameistrid-kaksikvoit-laks-tartusse-kolmanda-koha-palvis-rakvere\/#primaryimage","url":"https:\/\/www.profexpo.ee\/foodfair\/wp-content\/uploads\/2025\/09\/Eesti-parimad-pitsameistrid-Siim-Piir-Maksym-Sburin-Ranel-Alberthal-Tallinna-Toidumess-2025-foto-Marek-Metslaid-1.jpg","contentUrl":"https:\/\/www.profexpo.ee\/foodfair\/wp-content\/uploads\/2025\/09\/Eesti-parimad-pitsameistrid-Siim-Piir-Maksym-Sburin-Ranel-Alberthal-Tallinna-Toidumess-2025-foto-Marek-Metslaid-1.jpg","width":838,"height":559},{"@type":"BreadcrumbList","@id":"https:\/\/www.profexpo.ee\/foodfair\/2025\/09\/29\/selgusid-eesti-parimad-pitsameistrid-kaksikvoit-laks-tartusse-kolmanda-koha-palvis-rakvere\/#breadcrumb","itemListElement":[{"@type":"ListItem","position":1,"name":"Home","item":"https:\/\/www.profexpo.ee\/foodfair\/"},{"@type":"ListItem","position":2,"name":"Selgusid Eesti parimad pitsameistrid: kaksikv\u00f5it l\u00e4ks Tartusse, kolmanda koha p\u00e4lvis Rakvere"}]},{"@type":"WebSite","@id":"https:\/\/www.profexpo.ee\/foodfair\/#website","url":"https:\/\/www.profexpo.ee\/foodfair\/","name":"Tallinn FoodFair","description":"Tallinna Toidumess 2026","alternateName":"sdaf","potentialAction":[{"@type":"SearchAction","target":{"@type":"EntryPoint","urlTemplate":"https:\/\/www.profexpo.ee\/foodfair\/?s={search_term_string}"},"query-input":{"@type":"PropertyValueSpecification","valueRequired":true,"valueName":"search_term_string"}}],"inLanguage":"et"},{"@type":"Person","@id":"https:\/\/www.profexpo.ee\/foodfair\/#\/schema\/person\/a33860c8cd5e9304fed9e8b62a5440fc","name":"Kriste K\u00f5vamees-Roosna","image":{"@type":"ImageObject","inLanguage":"et","@id":"https:\/\/www.profexpo.ee\/foodfair\/#\/schema\/person\/image\/","url":"https:\/\/secure.gravatar.com\/avatar\/c16f86383a4f81c1647b976529d9557d?s=96&d=mm&r=g","contentUrl":"https:\/\/secure.gravatar.com\/avatar\/c16f86383a4f81c1647b976529d9557d?s=96&d=mm&r=g","caption":"Kriste K\u00f5vamees-Roosna"},"url":"https:\/\/www.profexpo.ee\/foodfair\/author\/kriste\/"}]}},"_links":{"self":[{"href":"https:\/\/www.profexpo.ee\/foodfair\/wp-json\/wp\/v2\/posts\/18746","targetHints":{"allow":["GET"]}}],"collection":[{"href":"https:\/\/www.profexpo.ee\/foodfair\/wp-json\/wp\/v2\/posts"}],"about":[{"href":"https:\/\/www.profexpo.ee\/foodfair\/wp-json\/wp\/v2\/types\/post"}],"author":[{"embeddable":true,"href":"https:\/\/www.profexpo.ee\/foodfair\/wp-json\/wp\/v2\/users\/7"}],"replies":[{"embeddable":true,"href":"https:\/\/www.profexpo.ee\/foodfair\/wp-json\/wp\/v2\/comments?post=18746"}],"version-history":[{"count":3,"href":"https:\/\/www.profexpo.ee\/foodfair\/wp-json\/wp\/v2\/posts\/18746\/revisions"}],"predecessor-version":[{"id":18762,"href":"https:\/\/www.profexpo.ee\/foodfair\/wp-json\/wp\/v2\/posts\/18746\/revisions\/18762"}],"wp:featuredmedia":[{"embeddable":true,"href":"https:\/\/www.profexpo.ee\/foodfair\/wp-json\/wp\/v2\/media\/18766"}],"wp:attachment":[{"href":"https:\/\/www.profexpo.ee\/foodfair\/wp-json\/wp\/v2\/media?parent=18746"}],"wp:term":[{"taxonomy":"category","embeddable":true,"href":"https:\/\/www.profexpo.ee\/foodfair\/wp-json\/wp\/v2\/categories?post=18746"},{"taxonomy":"post_tag","embeddable":true,"href":"https:\/\/www.profexpo.ee\/foodfair\/wp-json\/wp\/v2\/tags?post=18746"}],"curies":[{"name":"wp","href":"https:\/\/api.w.org\/{rel}","templated":true}]}}