{"id":18774,"date":"2025-09-24T10:00:08","date_gmt":"2025-09-24T07:00:08","guid":{"rendered":"https:\/\/www.profexpo.ee\/foodfair\/?p=18774"},"modified":"2025-09-30T09:50:04","modified_gmt":"2025-09-30T06:50:04","slug":"head-tallinna-toidumessi-korraldajad-osalejad-ning-kulastajad","status":"publish","type":"post","link":"https:\/\/www.profexpo.ee\/foodfair\/2025\/09\/24\/head-tallinna-toidumessi-korraldajad-osalejad-ning-kulastajad\/","title":{"rendered":"Head Tallinna Toidumessi korraldajad, osalejad ning k\u00fclastajad!"},"content":{"rendered":"<p>Mul on suur r\u00f5\u00f5m avada t\u00e4navune Tallinna Toidumess \u2013 koht, kus p\u00f5imuvad Eesti toidu parimad n\u00e4ited, innovatsioon ja rahvusvaheline koost\u00f6\u00f6. K\u00e4imas on ka Eesti toidu kuu, kuid meie toit v\u00e4\u00e4rib t\u00e4helepanu igal ajal, sest see on puhas ja aus ning kannab edasi just meie kultuuri.<\/p>\n<p>Viimastel kuudel on Eesti toidusektorit tugevalt m\u00f5jutanud sigade Aafrika katk. See ei ole ainult seakasvatajate probleem \u2013 selle m\u00f5ju ulatub kogu toidutootmise tarneahelasse ning paneb meid k\u00f5iki m\u00f5tlema bioohutuse ja kriisiennetuse, aga ka tagaj\u00e4rgedega tegelemise peale. Meie k\u00f5igi \u00fclesanne on kaitsta nii kodumaist toidutootmist kui ka tarbijate usaldust.<\/p>\n<p>Peame m\u00f5tlema ka toidujulgeolekule, mis t\u00e4hendab v\u00f5imet tagada piisav ja kvaliteetne toit k\u00f5igile igal ajal, igas olukorras. Iga kriis \u2013 olgu see seotud haiguspuhangute, ilmastiku v\u00f5i geopoliitikaga \u2013 tuletab meile meelde, kui t\u00e4htis on kodumaine tootmine, tugev koost\u00f6\u00f6 ja teadusp\u00f5hine l\u00e4henemine. Just siin messil on kohal ettev\u00f5tted ja inimesed, kes hoiavad Eesti toidu julgeolekut. Me k\u00f5ik saame sellesse panustada \u2013 olgu siis tootja v\u00f5i teadliku tarbijana.<\/p>\n<p>Tarbijate valikud on siinkohal eriti olulised. Kui eelistame kodumaist toodet v\u00f5i ettev\u00f5tet toetame otse meie enda inimesi, t\u00f6\u00f6kohti ja majandust. Kui valime vastutustundlikult toodetud toidu, anname s\u00f5numi, et keskkonnas\u00f5bralik ja eetiline tootmine on oluline. Iga ost poes m\u00f5jutab seda, millist toidus\u00fcsteemi \u00fcles ehitame. Teadlik tarbimine pole ainult trend \u2013 see on meie \u00fchine vastutus.<\/p>\n<p>Toidumess on ka rahvusvaheline s\u00fcndmus \u2013 tere tulemast k\u00f5ikidele v\u00e4lisk\u00fclalistele! Teid on sel korral eriliselt palju. Teie kohalolu rikastab meie toidukultuuri ja loob uusi sildu koost\u00f6\u00f6ks. Ekspordiv\u00f5imekus, uued maitsed ja rahvusvaheline koost\u00f6\u00f6 on m\u00e4rks\u00f5nad, mis viivad Eesti toidu maailmakaardile. Eesti toit on rohkem kui toode \u2013 see on lugu meie maast, inimestest ja v\u00e4\u00e4rtustest. Just neid lugusid julgustan jagama ja koos edasi arendama.<\/p>\n<p>Suur t\u00e4nu korraldajatele ja k\u00f5igile, kes panustavad Eesti toidu arengusse. Soovin teile inspireerivat messi, uusi ideid, tugevaid koost\u00f6\u00f6sidemeid ja meeldej\u00e4\u00e4vaid maitseelamusi!<\/p>\n<p>&nbsp;<\/p>\n<p><strong>Hendrik Johannes Terras<\/strong><\/p>\n<p>Regionaal- ja p\u00f5llumajandusminister<\/p>\n","protected":false},"excerpt":{"rendered":"Mul on suur r\u00f5\u00f5m avada t\u00e4navune Tallinna Toidumess \u2013 koht, kus p\u00f5imuvad Eesti toidu parimad n\u00e4ited, innovatsioon ja rahvusvaheline koost\u00f6\u00f6. K\u00e4imas on ka Eesti toidu kuu, kuid meie toit v\u00e4\u00e4rib t\u00e4helepanu igal ajal, sest see on puhas ja aus ning kannab edasi just meie kultuuri. Viimastel kuudel on Eesti toidusektorit tugevalt m\u00f5jutanud sigade Aafrika katk&#8230;. <a class=\"view-article\" href=\"https:\/\/www.profexpo.ee\/foodfair\/2025\/09\/24\/head-tallinna-toidumessi-korraldajad-osalejad-ning-kulastajad\/\">Loe edasi<\/a>","protected":false},"author":7,"featured_media":18769,"comment_status":"open","ping_status":"open","sticky":false,"template":"","format":"standard","meta":{"footnotes":""},"categories":[2],"tags":[],"class_list":["post-18774","post","type-post","status-publish","format-standard","has-post-thumbnail","hentry","category-maaratlemata-et"],"yoast_head":"<!-- This site is optimized with the Yoast SEO plugin v24.7 - https:\/\/yoast.com\/wordpress\/plugins\/seo\/ -->\n<title>Head Tallinna Toidumessi korraldajad, osalejad ning k\u00fclastajad! - Tallinna Toidumess 2026<\/title>\n<meta name=\"robots\" content=\"index, follow, max-snippet:-1, max-image-preview:large, max-video-preview:-1\" \/>\n<link rel=\"canonical\" href=\"https:\/\/www.profexpo.ee\/foodfair\/2025\/09\/24\/head-tallinna-toidumessi-korraldajad-osalejad-ning-kulastajad\/\" \/>\n<script type=\"application\/ld+json\" class=\"yoast-schema-graph\">{\"@context\":\"https:\/\/schema.org\",\"@graph\":[{\"@type\":\"WebPage\",\"@id\":\"https:\/\/www.profexpo.ee\/foodfair\/2025\/09\/24\/head-tallinna-toidumessi-korraldajad-osalejad-ning-kulastajad\/\",\"url\":\"https:\/\/www.profexpo.ee\/foodfair\/2025\/09\/24\/head-tallinna-toidumessi-korraldajad-osalejad-ning-kulastajad\/\",\"name\":\"Head Tallinna Toidumessi korraldajad, osalejad ning k\u00fclastajad! - Tallinna Toidumess 2026\",\"isPartOf\":{\"@id\":\"https:\/\/www.profexpo.ee\/foodfair\/#website\"},\"primaryImageOfPage\":{\"@id\":\"https:\/\/www.profexpo.ee\/foodfair\/2025\/09\/24\/head-tallinna-toidumessi-korraldajad-osalejad-ning-kulastajad\/#primaryimage\"},\"image\":{\"@id\":\"https:\/\/www.profexpo.ee\/foodfair\/2025\/09\/24\/head-tallinna-toidumessi-korraldajad-osalejad-ning-kulastajad\/#primaryimage\"},\"thumbnailUrl\":\"https:\/\/www.profexpo.ee\/foodfair\/wp-content\/uploads\/2025\/09\/Hendrik-Johannes-Terras3-scaled.jpg\",\"datePublished\":\"2025-09-24T07:00:08+00:00\",\"dateModified\":\"2025-09-30T06:50:04+00:00\",\"author\":{\"@id\":\"https:\/\/www.profexpo.ee\/foodfair\/#\/schema\/person\/a33860c8cd5e9304fed9e8b62a5440fc\"},\"breadcrumb\":{\"@id\":\"https:\/\/www.profexpo.ee\/foodfair\/2025\/09\/24\/head-tallinna-toidumessi-korraldajad-osalejad-ning-kulastajad\/#breadcrumb\"},\"inLanguage\":\"et\",\"potentialAction\":[{\"@type\":\"ReadAction\",\"target\":[\"https:\/\/www.profexpo.ee\/foodfair\/2025\/09\/24\/head-tallinna-toidumessi-korraldajad-osalejad-ning-kulastajad\/\"]}]},{\"@type\":\"ImageObject\",\"inLanguage\":\"et\",\"@id\":\"https:\/\/www.profexpo.ee\/foodfair\/2025\/09\/24\/head-tallinna-toidumessi-korraldajad-osalejad-ning-kulastajad\/#primaryimage\",\"url\":\"https:\/\/www.profexpo.ee\/foodfair\/wp-content\/uploads\/2025\/09\/Hendrik-Johannes-Terras3-scaled.jpg\",\"contentUrl\":\"https:\/\/www.profexpo.ee\/foodfair\/wp-content\/uploads\/2025\/09\/Hendrik-Johannes-Terras3-scaled.jpg\",\"width\":2560,\"height\":1707},{\"@type\":\"BreadcrumbList\",\"@id\":\"https:\/\/www.profexpo.ee\/foodfair\/2025\/09\/24\/head-tallinna-toidumessi-korraldajad-osalejad-ning-kulastajad\/#breadcrumb\",\"itemListElement\":[{\"@type\":\"ListItem\",\"position\":1,\"name\":\"Home\",\"item\":\"https:\/\/www.profexpo.ee\/foodfair\/\"},{\"@type\":\"ListItem\",\"position\":2,\"name\":\"Head Tallinna Toidumessi korraldajad, osalejad ning k\u00fclastajad!\"}]},{\"@type\":\"WebSite\",\"@id\":\"https:\/\/www.profexpo.ee\/foodfair\/#website\",\"url\":\"https:\/\/www.profexpo.ee\/foodfair\/\",\"name\":\"Tallinn FoodFair\",\"description\":\"Tallinna Toidumess 2026\",\"alternateName\":\"sdaf\",\"potentialAction\":[{\"@type\":\"SearchAction\",\"target\":{\"@type\":\"EntryPoint\",\"urlTemplate\":\"https:\/\/www.profexpo.ee\/foodfair\/?s={search_term_string}\"},\"query-input\":{\"@type\":\"PropertyValueSpecification\",\"valueRequired\":true,\"valueName\":\"search_term_string\"}}],\"inLanguage\":\"et\"},{\"@type\":\"Person\",\"@id\":\"https:\/\/www.profexpo.ee\/foodfair\/#\/schema\/person\/a33860c8cd5e9304fed9e8b62a5440fc\",\"name\":\"Kriste K\u00f5vamees-Roosna\",\"image\":{\"@type\":\"ImageObject\",\"inLanguage\":\"et\",\"@id\":\"https:\/\/www.profexpo.ee\/foodfair\/#\/schema\/person\/image\/\",\"url\":\"https:\/\/secure.gravatar.com\/avatar\/c16f86383a4f81c1647b976529d9557d?s=96&d=mm&r=g\",\"contentUrl\":\"https:\/\/secure.gravatar.com\/avatar\/c16f86383a4f81c1647b976529d9557d?s=96&d=mm&r=g\",\"caption\":\"Kriste K\u00f5vamees-Roosna\"},\"url\":\"https:\/\/www.profexpo.ee\/foodfair\/author\/kriste\/\"}]}<\/script>\n<!-- \/ Yoast SEO plugin. -->","yoast_head_json":{"title":"Head Tallinna Toidumessi korraldajad, osalejad ning k\u00fclastajad! - Tallinna Toidumess 2026","robots":{"index":"index","follow":"follow","max-snippet":"max-snippet:-1","max-image-preview":"max-image-preview:large","max-video-preview":"max-video-preview:-1"},"canonical":"https:\/\/www.profexpo.ee\/foodfair\/2025\/09\/24\/head-tallinna-toidumessi-korraldajad-osalejad-ning-kulastajad\/","schema":{"@context":"https:\/\/schema.org","@graph":[{"@type":"WebPage","@id":"https:\/\/www.profexpo.ee\/foodfair\/2025\/09\/24\/head-tallinna-toidumessi-korraldajad-osalejad-ning-kulastajad\/","url":"https:\/\/www.profexpo.ee\/foodfair\/2025\/09\/24\/head-tallinna-toidumessi-korraldajad-osalejad-ning-kulastajad\/","name":"Head Tallinna Toidumessi korraldajad, osalejad ning k\u00fclastajad! - Tallinna Toidumess 2026","isPartOf":{"@id":"https:\/\/www.profexpo.ee\/foodfair\/#website"},"primaryImageOfPage":{"@id":"https:\/\/www.profexpo.ee\/foodfair\/2025\/09\/24\/head-tallinna-toidumessi-korraldajad-osalejad-ning-kulastajad\/#primaryimage"},"image":{"@id":"https:\/\/www.profexpo.ee\/foodfair\/2025\/09\/24\/head-tallinna-toidumessi-korraldajad-osalejad-ning-kulastajad\/#primaryimage"},"thumbnailUrl":"https:\/\/www.profexpo.ee\/foodfair\/wp-content\/uploads\/2025\/09\/Hendrik-Johannes-Terras3-scaled.jpg","datePublished":"2025-09-24T07:00:08+00:00","dateModified":"2025-09-30T06:50:04+00:00","author":{"@id":"https:\/\/www.profexpo.ee\/foodfair\/#\/schema\/person\/a33860c8cd5e9304fed9e8b62a5440fc"},"breadcrumb":{"@id":"https:\/\/www.profexpo.ee\/foodfair\/2025\/09\/24\/head-tallinna-toidumessi-korraldajad-osalejad-ning-kulastajad\/#breadcrumb"},"inLanguage":"et","potentialAction":[{"@type":"ReadAction","target":["https:\/\/www.profexpo.ee\/foodfair\/2025\/09\/24\/head-tallinna-toidumessi-korraldajad-osalejad-ning-kulastajad\/"]}]},{"@type":"ImageObject","inLanguage":"et","@id":"https:\/\/www.profexpo.ee\/foodfair\/2025\/09\/24\/head-tallinna-toidumessi-korraldajad-osalejad-ning-kulastajad\/#primaryimage","url":"https:\/\/www.profexpo.ee\/foodfair\/wp-content\/uploads\/2025\/09\/Hendrik-Johannes-Terras3-scaled.jpg","contentUrl":"https:\/\/www.profexpo.ee\/foodfair\/wp-content\/uploads\/2025\/09\/Hendrik-Johannes-Terras3-scaled.jpg","width":2560,"height":1707},{"@type":"BreadcrumbList","@id":"https:\/\/www.profexpo.ee\/foodfair\/2025\/09\/24\/head-tallinna-toidumessi-korraldajad-osalejad-ning-kulastajad\/#breadcrumb","itemListElement":[{"@type":"ListItem","position":1,"name":"Home","item":"https:\/\/www.profexpo.ee\/foodfair\/"},{"@type":"ListItem","position":2,"name":"Head Tallinna Toidumessi korraldajad, osalejad ning k\u00fclastajad!"}]},{"@type":"WebSite","@id":"https:\/\/www.profexpo.ee\/foodfair\/#website","url":"https:\/\/www.profexpo.ee\/foodfair\/","name":"Tallinn FoodFair","description":"Tallinna Toidumess 2026","alternateName":"sdaf","potentialAction":[{"@type":"SearchAction","target":{"@type":"EntryPoint","urlTemplate":"https:\/\/www.profexpo.ee\/foodfair\/?s={search_term_string}"},"query-input":{"@type":"PropertyValueSpecification","valueRequired":true,"valueName":"search_term_string"}}],"inLanguage":"et"},{"@type":"Person","@id":"https:\/\/www.profexpo.ee\/foodfair\/#\/schema\/person\/a33860c8cd5e9304fed9e8b62a5440fc","name":"Kriste K\u00f5vamees-Roosna","image":{"@type":"ImageObject","inLanguage":"et","@id":"https:\/\/www.profexpo.ee\/foodfair\/#\/schema\/person\/image\/","url":"https:\/\/secure.gravatar.com\/avatar\/c16f86383a4f81c1647b976529d9557d?s=96&d=mm&r=g","contentUrl":"https:\/\/secure.gravatar.com\/avatar\/c16f86383a4f81c1647b976529d9557d?s=96&d=mm&r=g","caption":"Kriste K\u00f5vamees-Roosna"},"url":"https:\/\/www.profexpo.ee\/foodfair\/author\/kriste\/"}]}},"_links":{"self":[{"href":"https:\/\/www.profexpo.ee\/foodfair\/wp-json\/wp\/v2\/posts\/18774","targetHints":{"allow":["GET"]}}],"collection":[{"href":"https:\/\/www.profexpo.ee\/foodfair\/wp-json\/wp\/v2\/posts"}],"about":[{"href":"https:\/\/www.profexpo.ee\/foodfair\/wp-json\/wp\/v2\/types\/post"}],"author":[{"embeddable":true,"href":"https:\/\/www.profexpo.ee\/foodfair\/wp-json\/wp\/v2\/users\/7"}],"replies":[{"embeddable":true,"href":"https:\/\/www.profexpo.ee\/foodfair\/wp-json\/wp\/v2\/comments?post=18774"}],"version-history":[{"count":1,"href":"https:\/\/www.profexpo.ee\/foodfair\/wp-json\/wp\/v2\/posts\/18774\/revisions"}],"predecessor-version":[{"id":18775,"href":"https:\/\/www.profexpo.ee\/foodfair\/wp-json\/wp\/v2\/posts\/18774\/revisions\/18775"}],"wp:featuredmedia":[{"embeddable":true,"href":"https:\/\/www.profexpo.ee\/foodfair\/wp-json\/wp\/v2\/media\/18769"}],"wp:attachment":[{"href":"https:\/\/www.profexpo.ee\/foodfair\/wp-json\/wp\/v2\/media?parent=18774"}],"wp:term":[{"taxonomy":"category","embeddable":true,"href":"https:\/\/www.profexpo.ee\/foodfair\/wp-json\/wp\/v2\/categories?post=18774"},{"taxonomy":"post_tag","embeddable":true,"href":"https:\/\/www.profexpo.ee\/foodfair\/wp-json\/wp\/v2\/tags?post=18774"}],"curies":[{"name":"wp","href":"https:\/\/api.w.org\/{rel}","templated":true}]}}