{"id":14136,"date":"2022-09-20T12:00:55","date_gmt":"2022-09-20T09:00:55","guid":{"rendered":"https:\/\/www.profexpo.ee\/foodfest\/?p=14136"},"modified":"2022-09-29T13:33:22","modified_gmt":"2022-09-29T10:33:22","slug":"urmas-kruuse-tervitus","status":"publish","type":"post","link":"https:\/\/www.profexpo.ee\/foodfest\/2022\/09\/20\/urmas-kruuse-tervitus\/","title":{"rendered":"Maaeluminister Urmas Kruuse tervitus"},"content":{"rendered":"<h3>Head toidus\u00f5brad, messik\u00fclastajad ja osalejad!<\/h3>\n<p>Sel aastal t\u00e4histab toidumesside traditsioon juba 29. aastap\u00e4eva. Auv\u00e4\u00e4rne suur number annab t\u00f5estust, et tegemist on j\u00e4tkusuutliku ettev\u00f5tmisega, mida hinnatakse k\u00f5rgelt ning mida Eesti toidusektor vajab.<\/p>\n<p>Uuendusmeelse ja areneva toidusektori olemasolu on praegustes keerulistes oludes veel olulisem kui kunagi varem. Oleme j\u00f5udnud punkti, kus lisaks k\u00f5igele muule on meie toidu hind kauplustes teinud m\u00e4rgatava t\u00f5usu. Kuigi toidu tootmine ja ostmine on kallis ning kallineb iga p\u00e4evaga, saame siiski t\u00f5deda, et otsest toidupuudust meil Eestis ei ole. Kui me j\u00e4tkame samamoodi, siis ei ole p\u00f5hjust seda ka tulevikus karta.<\/p>\n<p>Selleks, et hoida Eesti toidusektor eluj\u00f5ulisena ning arenemisv\u00f5imelisena, tuleb selle toetamist igal juhul j\u00e4tkata. T\u00f6\u00f6tame maaeluministeeriumis selle nimel igap\u00e4evaselt ning teame, et seda teevad ka meie kohalikud tootjad ja tarbijad. Ainult nii saamegi kindlad olla, et meie tootjad on konkurentsiv\u00f5imelised ja j\u00e4tkusuutlikud ning tagame, et suudame tulevikus toota v\u00e4hemalt nii palju toitu, et see k\u00f5igi toidulauad kataks.<\/p>\n<p>Toidumess on hea v\u00f5imalus valdkonna ettev\u00f5tetele kokkusaamiseks, uute trendide avastamiseks ja arutamiseks ning uute koost\u00f6\u00f6suhete loomiseks. Toidut\u00f6\u00f6stuse, majutusasutuste, toitlustajate ning kaupmeeste kokkutulek toidumessi n\u00e4ol on k\u00f5ikide osapoolte jaoks suurs\u00fcndmus, mis aitab kaasa meie sektori arengule ja \u00fchtsusele.<\/p>\n<p>Soovin t\u00e4nada k\u00f5iki inimesi, kes t\u00e4navusse toidumessi nii korraldades kui ka k\u00fclastades panustavad. Selline toidumaastiku kokkutulek tuletab meile meelde, kuiv\u00f5rd hea ja v\u00e4\u00e4rtuslik on meie toit ning kui tublid on meie tootjad ning tarbijad. T\u00e4nan \u00fcrituse eestvedamise eest ettev\u00f5ttet O\u00dc Profexpo ning soovin v\u00e4rskeid ideid ja uusi kontakte k\u00f5ikidele korraldajatele ja osalejatele!<\/p>\n<p>Urmas Kruuse<br \/>\nMaaeluminister<\/p>\n","protected":false},"excerpt":{"rendered":"Head toidus\u00f5brad, messik\u00fclastajad ja osalejad! Sel aastal t\u00e4histab toidumesside traditsioon juba 29. aastap\u00e4eva. Auv\u00e4\u00e4rne suur number annab t\u00f5estust, et tegemist on j\u00e4tkusuutliku ettev\u00f5tmisega, mida hinnatakse k\u00f5rgelt ning mida Eesti toidusektor vajab. Uuendusmeelse ja areneva toidusektori olemasolu on praegustes keerulistes oludes veel olulisem kui kunagi varem. Oleme j\u00f5udnud punkti, kus lisaks k\u00f5igele muule on meie toidu&#8230; <a class=\"view-article\" href=\"https:\/\/www.profexpo.ee\/foodfest\/2022\/09\/20\/urmas-kruuse-tervitus\/\">Loe edasi<\/a>","protected":false},"author":3,"featured_media":14119,"comment_status":"open","ping_status":"open","sticky":false,"template":"","format":"standard","meta":{"footnotes":""},"categories":[2],"tags":[],"class_list":["post-14136","post","type-post","status-publish","format-standard","has-post-thumbnail","hentry","category-maaratlemata-et"],"yoast_head":"<!-- This site is optimized with the Yoast SEO plugin v24.7 - https:\/\/yoast.com\/wordpress\/plugins\/seo\/ -->\n<title>Maaeluminister Urmas Kruuse tervitus - Tallinn FoodFest 2022<\/title>\n<meta name=\"robots\" content=\"index, follow, max-snippet:-1, max-image-preview:large, max-video-preview:-1\" \/>\n<link rel=\"canonical\" href=\"https:\/\/www.profexpo.ee\/foodfest\/2022\/09\/20\/urmas-kruuse-tervitus\/\" \/>\n<meta property=\"og:locale\" content=\"et_EE\" \/>\n<meta property=\"og:type\" content=\"article\" \/>\n<meta property=\"og:title\" content=\"Maaeluminister Urmas Kruuse tervitus - Tallinn FoodFest 2022\" \/>\n<meta property=\"og:description\" content=\"Head toidus\u00f5brad, messik\u00fclastajad ja osalejad! Sel aastal t\u00e4histab toidumesside traditsioon juba 29. aastap\u00e4eva. Auv\u00e4\u00e4rne suur number annab t\u00f5estust, et tegemist on j\u00e4tkusuutliku ettev\u00f5tmisega, mida hinnatakse k\u00f5rgelt ning mida Eesti toidusektor vajab. Uuendusmeelse ja areneva toidusektori olemasolu on praegustes keerulistes oludes veel olulisem kui kunagi varem. Oleme j\u00f5udnud punkti, kus lisaks k\u00f5igele muule on meie toidu... Loe edasi\" \/>\n<meta property=\"og:url\" content=\"https:\/\/www.profexpo.ee\/foodfest\/2022\/09\/20\/urmas-kruuse-tervitus\/\" \/>\n<meta property=\"og:site_name\" content=\"Tallinn FoodFest 2022\" \/>\n<meta property=\"article:published_time\" content=\"2022-09-20T09:00:55+00:00\" \/>\n<meta property=\"article:modified_time\" content=\"2022-09-29T10:33:22+00:00\" \/>\n<meta property=\"og:image\" content=\"https:\/\/www.profexpo.ee\/foodfest\/wp-content\/uploads\/2022\/09\/Minister-Kruuse-1.jpg\" \/>\n\t<meta property=\"og:image:width\" content=\"2048\" \/>\n\t<meta property=\"og:image:height\" content=\"1365\" \/>\n\t<meta property=\"og:image:type\" content=\"image\/jpeg\" \/>\n<meta name=\"author\" content=\"profexpo\" \/>\n<meta name=\"twitter:card\" content=\"summary_large_image\" \/>\n<meta name=\"twitter:label1\" content=\"Written by\" \/>\n\t<meta name=\"twitter:data1\" content=\"profexpo\" \/>\n\t<meta name=\"twitter:label2\" content=\"Est. reading time\" \/>\n\t<meta name=\"twitter:data2\" content=\"2 minutit\" \/>\n<script type=\"application\/ld+json\" class=\"yoast-schema-graph\">{\"@context\":\"https:\/\/schema.org\",\"@graph\":[{\"@type\":\"WebPage\",\"@id\":\"https:\/\/www.profexpo.ee\/foodfest\/2022\/09\/20\/urmas-kruuse-tervitus\/\",\"url\":\"https:\/\/www.profexpo.ee\/foodfest\/2022\/09\/20\/urmas-kruuse-tervitus\/\",\"name\":\"Maaeluminister Urmas Kruuse tervitus - Tallinn FoodFest 2022\",\"isPartOf\":{\"@id\":\"https:\/\/www.profexpo.ee\/foodfest\/#website\"},\"primaryImageOfPage\":{\"@id\":\"https:\/\/www.profexpo.ee\/foodfest\/2022\/09\/20\/urmas-kruuse-tervitus\/#primaryimage\"},\"image\":{\"@id\":\"https:\/\/www.profexpo.ee\/foodfest\/2022\/09\/20\/urmas-kruuse-tervitus\/#primaryimage\"},\"thumbnailUrl\":\"https:\/\/www.profexpo.ee\/foodfest\/wp-content\/uploads\/2022\/09\/Minister-Kruuse-1.jpg\",\"datePublished\":\"2022-09-20T09:00:55+00:00\",\"dateModified\":\"2022-09-29T10:33:22+00:00\",\"author\":{\"@id\":\"https:\/\/www.profexpo.ee\/foodfest\/#\/schema\/person\/d5f0e99e41e78c79ff5dbf671616b852\"},\"breadcrumb\":{\"@id\":\"https:\/\/www.profexpo.ee\/foodfest\/2022\/09\/20\/urmas-kruuse-tervitus\/#breadcrumb\"},\"inLanguage\":\"et\",\"potentialAction\":[{\"@type\":\"ReadAction\",\"target\":[\"https:\/\/www.profexpo.ee\/foodfest\/2022\/09\/20\/urmas-kruuse-tervitus\/\"]}]},{\"@type\":\"ImageObject\",\"inLanguage\":\"et\",\"@id\":\"https:\/\/www.profexpo.ee\/foodfest\/2022\/09\/20\/urmas-kruuse-tervitus\/#primaryimage\",\"url\":\"https:\/\/www.profexpo.ee\/foodfest\/wp-content\/uploads\/2022\/09\/Minister-Kruuse-1.jpg\",\"contentUrl\":\"https:\/\/www.profexpo.ee\/foodfest\/wp-content\/uploads\/2022\/09\/Minister-Kruuse-1.jpg\",\"width\":2048,\"height\":1365},{\"@type\":\"BreadcrumbList\",\"@id\":\"https:\/\/www.profexpo.ee\/foodfest\/2022\/09\/20\/urmas-kruuse-tervitus\/#breadcrumb\",\"itemListElement\":[{\"@type\":\"ListItem\",\"position\":1,\"name\":\"Home\",\"item\":\"https:\/\/www.profexpo.ee\/foodfest\/\"},{\"@type\":\"ListItem\",\"position\":2,\"name\":\"Maaeluminister Urmas Kruuse tervitus\"}]},{\"@type\":\"WebSite\",\"@id\":\"https:\/\/www.profexpo.ee\/foodfest\/#website\",\"url\":\"https:\/\/www.profexpo.ee\/foodfest\/\",\"name\":\"Tallinn FoodFest 2020\",\"description\":\"Tallinn FoodFest 2022\",\"potentialAction\":[{\"@type\":\"SearchAction\",\"target\":{\"@type\":\"EntryPoint\",\"urlTemplate\":\"https:\/\/www.profexpo.ee\/foodfest\/?s={search_term_string}\"},\"query-input\":{\"@type\":\"PropertyValueSpecification\",\"valueRequired\":true,\"valueName\":\"search_term_string\"}}],\"inLanguage\":\"et\"},{\"@type\":\"Person\",\"@id\":\"https:\/\/www.profexpo.ee\/foodfest\/#\/schema\/person\/d5f0e99e41e78c79ff5dbf671616b852\",\"name\":\"profexpo\",\"image\":{\"@type\":\"ImageObject\",\"inLanguage\":\"et\",\"@id\":\"https:\/\/www.profexpo.ee\/foodfest\/#\/schema\/person\/image\/\",\"url\":\"https:\/\/secure.gravatar.com\/avatar\/a55493e68c392eb4fdf21a90b6538e7e?s=96&d=mm&r=g\",\"contentUrl\":\"https:\/\/secure.gravatar.com\/avatar\/a55493e68c392eb4fdf21a90b6538e7e?s=96&d=mm&r=g\",\"caption\":\"profexpo\"},\"url\":\"https:\/\/www.profexpo.ee\/foodfest\/author\/profexpo\/\"}]}<\/script>\n<!-- \/ Yoast SEO plugin. -->","yoast_head_json":{"title":"Maaeluminister Urmas Kruuse tervitus - Tallinn FoodFest 2022","robots":{"index":"index","follow":"follow","max-snippet":"max-snippet:-1","max-image-preview":"max-image-preview:large","max-video-preview":"max-video-preview:-1"},"canonical":"https:\/\/www.profexpo.ee\/foodfest\/2022\/09\/20\/urmas-kruuse-tervitus\/","og_locale":"et_EE","og_type":"article","og_title":"Maaeluminister Urmas Kruuse tervitus - Tallinn FoodFest 2022","og_description":"Head toidus\u00f5brad, messik\u00fclastajad ja osalejad! Sel aastal t\u00e4histab toidumesside traditsioon juba 29. aastap\u00e4eva. Auv\u00e4\u00e4rne suur number annab t\u00f5estust, et tegemist on j\u00e4tkusuutliku ettev\u00f5tmisega, mida hinnatakse k\u00f5rgelt ning mida Eesti toidusektor vajab. Uuendusmeelse ja areneva toidusektori olemasolu on praegustes keerulistes oludes veel olulisem kui kunagi varem. Oleme j\u00f5udnud punkti, kus lisaks k\u00f5igele muule on meie toidu... Loe edasi","og_url":"https:\/\/www.profexpo.ee\/foodfest\/2022\/09\/20\/urmas-kruuse-tervitus\/","og_site_name":"Tallinn FoodFest 2022","article_published_time":"2022-09-20T09:00:55+00:00","article_modified_time":"2022-09-29T10:33:22+00:00","og_image":[{"width":2048,"height":1365,"url":"https:\/\/www.profexpo.ee\/foodfest\/wp-content\/uploads\/2022\/09\/Minister-Kruuse-1.jpg","type":"image\/jpeg"}],"author":"profexpo","twitter_card":"summary_large_image","twitter_misc":{"Written by":"profexpo","Est. reading time":"2 minutit"},"schema":{"@context":"https:\/\/schema.org","@graph":[{"@type":"WebPage","@id":"https:\/\/www.profexpo.ee\/foodfest\/2022\/09\/20\/urmas-kruuse-tervitus\/","url":"https:\/\/www.profexpo.ee\/foodfest\/2022\/09\/20\/urmas-kruuse-tervitus\/","name":"Maaeluminister Urmas Kruuse tervitus - Tallinn FoodFest 2022","isPartOf":{"@id":"https:\/\/www.profexpo.ee\/foodfest\/#website"},"primaryImageOfPage":{"@id":"https:\/\/www.profexpo.ee\/foodfest\/2022\/09\/20\/urmas-kruuse-tervitus\/#primaryimage"},"image":{"@id":"https:\/\/www.profexpo.ee\/foodfest\/2022\/09\/20\/urmas-kruuse-tervitus\/#primaryimage"},"thumbnailUrl":"https:\/\/www.profexpo.ee\/foodfest\/wp-content\/uploads\/2022\/09\/Minister-Kruuse-1.jpg","datePublished":"2022-09-20T09:00:55+00:00","dateModified":"2022-09-29T10:33:22+00:00","author":{"@id":"https:\/\/www.profexpo.ee\/foodfest\/#\/schema\/person\/d5f0e99e41e78c79ff5dbf671616b852"},"breadcrumb":{"@id":"https:\/\/www.profexpo.ee\/foodfest\/2022\/09\/20\/urmas-kruuse-tervitus\/#breadcrumb"},"inLanguage":"et","potentialAction":[{"@type":"ReadAction","target":["https:\/\/www.profexpo.ee\/foodfest\/2022\/09\/20\/urmas-kruuse-tervitus\/"]}]},{"@type":"ImageObject","inLanguage":"et","@id":"https:\/\/www.profexpo.ee\/foodfest\/2022\/09\/20\/urmas-kruuse-tervitus\/#primaryimage","url":"https:\/\/www.profexpo.ee\/foodfest\/wp-content\/uploads\/2022\/09\/Minister-Kruuse-1.jpg","contentUrl":"https:\/\/www.profexpo.ee\/foodfest\/wp-content\/uploads\/2022\/09\/Minister-Kruuse-1.jpg","width":2048,"height":1365},{"@type":"BreadcrumbList","@id":"https:\/\/www.profexpo.ee\/foodfest\/2022\/09\/20\/urmas-kruuse-tervitus\/#breadcrumb","itemListElement":[{"@type":"ListItem","position":1,"name":"Home","item":"https:\/\/www.profexpo.ee\/foodfest\/"},{"@type":"ListItem","position":2,"name":"Maaeluminister Urmas Kruuse tervitus"}]},{"@type":"WebSite","@id":"https:\/\/www.profexpo.ee\/foodfest\/#website","url":"https:\/\/www.profexpo.ee\/foodfest\/","name":"Tallinn FoodFest 2020","description":"Tallinn FoodFest 2022","potentialAction":[{"@type":"SearchAction","target":{"@type":"EntryPoint","urlTemplate":"https:\/\/www.profexpo.ee\/foodfest\/?s={search_term_string}"},"query-input":{"@type":"PropertyValueSpecification","valueRequired":true,"valueName":"search_term_string"}}],"inLanguage":"et"},{"@type":"Person","@id":"https:\/\/www.profexpo.ee\/foodfest\/#\/schema\/person\/d5f0e99e41e78c79ff5dbf671616b852","name":"profexpo","image":{"@type":"ImageObject","inLanguage":"et","@id":"https:\/\/www.profexpo.ee\/foodfest\/#\/schema\/person\/image\/","url":"https:\/\/secure.gravatar.com\/avatar\/a55493e68c392eb4fdf21a90b6538e7e?s=96&d=mm&r=g","contentUrl":"https:\/\/secure.gravatar.com\/avatar\/a55493e68c392eb4fdf21a90b6538e7e?s=96&d=mm&r=g","caption":"profexpo"},"url":"https:\/\/www.profexpo.ee\/foodfest\/author\/profexpo\/"}]}},"_links":{"self":[{"href":"https:\/\/www.profexpo.ee\/foodfest\/wp-json\/wp\/v2\/posts\/14136","targetHints":{"allow":["GET"]}}],"collection":[{"href":"https:\/\/www.profexpo.ee\/foodfest\/wp-json\/wp\/v2\/posts"}],"about":[{"href":"https:\/\/www.profexpo.ee\/foodfest\/wp-json\/wp\/v2\/types\/post"}],"author":[{"embeddable":true,"href":"https:\/\/www.profexpo.ee\/foodfest\/wp-json\/wp\/v2\/users\/3"}],"replies":[{"embeddable":true,"href":"https:\/\/www.profexpo.ee\/foodfest\/wp-json\/wp\/v2\/comments?post=14136"}],"version-history":[{"count":4,"href":"https:\/\/www.profexpo.ee\/foodfest\/wp-json\/wp\/v2\/posts\/14136\/revisions"}],"predecessor-version":[{"id":14264,"href":"https:\/\/www.profexpo.ee\/foodfest\/wp-json\/wp\/v2\/posts\/14136\/revisions\/14264"}],"wp:featuredmedia":[{"embeddable":true,"href":"https:\/\/www.profexpo.ee\/foodfest\/wp-json\/wp\/v2\/media\/14119"}],"wp:attachment":[{"href":"https:\/\/www.profexpo.ee\/foodfest\/wp-json\/wp\/v2\/media?parent=14136"}],"wp:term":[{"taxonomy":"category","embeddable":true,"href":"https:\/\/www.profexpo.ee\/foodfest\/wp-json\/wp\/v2\/categories?post=14136"},{"taxonomy":"post_tag","embeddable":true,"href":"https:\/\/www.profexpo.ee\/foodfest\/wp-json\/wp\/v2\/tags?post=14136"}],"curies":[{"name":"wp","href":"https:\/\/api.w.org\/{rel}","templated":true}]}}