{"id":14262,"date":"2022-09-27T09:57:24","date_gmt":"2022-09-27T06:57:24","guid":{"rendered":"https:\/\/www.profexpo.ee\/foodfest\/?p=14262"},"modified":"2022-09-27T10:02:48","modified_gmt":"2022-09-27T07:02:48","slug":"tallinn-foodfest","status":"publish","type":"post","link":"https:\/\/www.profexpo.ee\/foodfest\/2022\/09\/27\/tallinn-foodfest\/","title":{"rendered":"Tallinn FoodFest toob kokku nii profid kui toidus\u00f5brad"},"content":{"rendered":"<p>29. septembrist 1. oktoobrini toimub j\u00e4rjekorras kahek\u00fcmne \u00fcheksas toidumess Tallinn FoodFest, kuhu oodatakse tuhandeid kaubanduse, toidut\u00f6\u00f6stuse, toitlustuse, hotellinduse ning paljude sidusalade esindajaid &#8211; toiduprofessionaale nii Eestist kui v\u00e4lisriikidest. Messi viimane p\u00e4ev on kuulutatud k\u00f5igi toidus\u00f5prade p\u00e4evaks ning oodatud on k\u00f5ik huvilised.<\/p>\n<p>Neljap\u00e4eval ja reedel on mess avatud vaid ettev\u00f5tjatele ja spetsialistidele toiduvaldkonnast, kuid laup\u00e4eval avatakse uksed k\u00f5ikidele k\u00fclalistele. \u201eLeiame, et hea toit ja vahetu kontakt selle tootjaga loob usaldust ja loodetavasti kinnitab eestimaise eelise,\u201c teatab messi peakorraldaja Tiit Sarv, kuid lisab, et rohkelt maitseelamusi leiab kindlasti ka mitmete v\u00e4lisk\u00fclaliste k\u00e4est.<\/p>\n<p>Messil kuulutatakse v\u00e4lja\u00a0 \u201eAasta kokaraamat\u201c, \u201eJ\u00f5ulutoode 2022\u201c, \u201eAasta noorkokk\u201c ning\u00a0 28. korda selgitatakse v\u00e4lja ka Aasta Koka tiitli v\u00f5itja. \u201eTaoline v\u00f5istlus paneb kokki veelgi enam pingutama ning see v\u00f5ib olla neile tohutuks h\u00fcppelauaks toitlustusmaastikul,\u201c kommenteeris konkursi olulisust Eesti Peakokkade \u00dchenduse president Taigo Lepik.<\/p>\n<p>Messi viimasel p\u00e4eval paneb kogu ettev\u00f5tmisele aga v\u00e4\u00e4rika punkti Eesti Baarmenite Meistriv\u00f5istlused alkoholivabade kokteilide valmistamises.<\/p>\n<p>\u201eAlkoholivabad kokteilid on muutumas j\u00e4rjest populaarsemaks ja FoodFest annab parima v\u00f5imaluse selliste jookide ning nende valmistajatega tutvumiseks,\u201c lisas Sarv, kelle s\u00f5nul saab olema kogu FoodFesti programm varasemast veelgi \u00fcllatusrohkem.<\/p>\n<p>Toidumess Tallinn FoodFest on \u00e4riklientidele ja toiduhuvilistele m\u00f5eldud \u00fcritus, mis toimub Eesti N\u00e4ituste messikeskuses 29.09 &#8211; 01.10. Messile on oodatud toiduainet\u00f6\u00f6stuse, toitlustuse, hotellinduse, kaubanduse ja paljude sidusalade esindajad ning valdkonna spetsialistid Eestist ja v\u00e4lismaalt. Eesti N\u00e4ituste messikeskusesse oodatakse kolmel p\u00e4eval \u00fcle<\/p>\n<p>7000 k\u00fclastaja ning osalema 170 eksponenti. Profexpo poolt korraldatud toidumessid said alguse 1993. aastal.<\/p>\n<p><a href=\"https:\/\/www.profexpo.ee\/foodfest\/wp-content\/uploads\/2018\/09\/Profexpo-logo-2-250x115.jpg\"><img loading=\"lazy\" decoding=\"async\" class=\" wp-image-4504 alignleft\" src=\"https:\/\/www.profexpo.ee\/foodfest\/wp-content\/uploads\/2018\/09\/Profexpo-logo-2-250x115-250x115.jpg\" alt=\"\" width=\"237\" height=\"109\" srcset=\"https:\/\/www.profexpo.ee\/foodfest\/wp-content\/uploads\/2018\/09\/Profexpo-logo-2-250x115.jpg 250w, https:\/\/www.profexpo.ee\/foodfest\/wp-content\/uploads\/2018\/09\/Profexpo-logo-2-250x115-120x55.jpg 120w\" sizes=\"auto, (max-width: 237px) 100vw, 237px\" \/><\/a><\/p>\n<p>&nbsp;<\/p>\n<p>&nbsp;<\/p>\n","protected":false},"excerpt":{"rendered":"29. septembrist 1. oktoobrini toimub j\u00e4rjekorras kahek\u00fcmne \u00fcheksas toidumess Tallinn FoodFest, kuhu oodatakse tuhandeid kaubanduse, toidut\u00f6\u00f6stuse, toitlustuse, hotellinduse ning paljude sidusalade esindajaid &#8211; toiduprofessionaale nii Eestist kui v\u00e4lisriikidest. Messi viimane p\u00e4ev on kuulutatud k\u00f5igi toidus\u00f5prade p\u00e4evaks ning oodatud on k\u00f5ik huvilised. Neljap\u00e4eval ja reedel on mess avatud vaid ettev\u00f5tjatele ja spetsialistidele toiduvaldkonnast, kuid laup\u00e4eval avatakse&#8230; <a class=\"view-article\" href=\"https:\/\/www.profexpo.ee\/foodfest\/2022\/09\/27\/tallinn-foodfest\/\">Loe edasi<\/a>","protected":false},"author":3,"featured_media":12976,"comment_status":"open","ping_status":"open","sticky":false,"template":"","format":"standard","meta":{"footnotes":""},"categories":[2],"tags":[],"class_list":["post-14262","post","type-post","status-publish","format-standard","has-post-thumbnail","hentry","category-maaratlemata-et"],"yoast_head":"<!-- This site is optimized with the Yoast SEO plugin v24.7 - https:\/\/yoast.com\/wordpress\/plugins\/seo\/ -->\n<title>Tallinn FoodFest toob kokku nii profid kui toidus\u00f5brad - Tallinn FoodFest 2022<\/title>\n<meta name=\"robots\" content=\"index, follow, max-snippet:-1, max-image-preview:large, max-video-preview:-1\" \/>\n<link rel=\"canonical\" href=\"https:\/\/www.profexpo.ee\/foodfest\/2022\/09\/27\/tallinn-foodfest\/\" \/>\n<meta property=\"og:locale\" content=\"et_EE\" \/>\n<meta property=\"og:type\" content=\"article\" \/>\n<meta property=\"og:title\" content=\"Tallinn FoodFest toob kokku nii profid kui toidus\u00f5brad - Tallinn FoodFest 2022\" \/>\n<meta property=\"og:description\" content=\"29. septembrist 1. oktoobrini toimub j\u00e4rjekorras kahek\u00fcmne \u00fcheksas toidumess Tallinn FoodFest, kuhu oodatakse tuhandeid kaubanduse, toidut\u00f6\u00f6stuse, toitlustuse, hotellinduse ning paljude sidusalade esindajaid &#8211; toiduprofessionaale nii Eestist kui v\u00e4lisriikidest. Messi viimane p\u00e4ev on kuulutatud k\u00f5igi toidus\u00f5prade p\u00e4evaks ning oodatud on k\u00f5ik huvilised. Neljap\u00e4eval ja reedel on mess avatud vaid ettev\u00f5tjatele ja spetsialistidele toiduvaldkonnast, kuid laup\u00e4eval avatakse... Loe edasi\" \/>\n<meta property=\"og:url\" content=\"https:\/\/www.profexpo.ee\/foodfest\/2022\/09\/27\/tallinn-foodfest\/\" \/>\n<meta property=\"og:site_name\" content=\"Tallinn FoodFest 2022\" \/>\n<meta property=\"article:published_time\" content=\"2022-09-27T06:57:24+00:00\" \/>\n<meta property=\"article:modified_time\" content=\"2022-09-27T07:02:48+00:00\" \/>\n<meta property=\"og:image\" content=\"https:\/\/www.profexpo.ee\/foodfest\/wp-content\/uploads\/2021\/10\/marekmetslaid_MMP5717-700x466.jpg\" \/>\n\t<meta property=\"og:image:width\" content=\"700\" \/>\n\t<meta property=\"og:image:height\" content=\"466\" \/>\n\t<meta property=\"og:image:type\" content=\"image\/jpeg\" \/>\n<meta name=\"author\" content=\"profexpo\" \/>\n<meta name=\"twitter:card\" content=\"summary_large_image\" \/>\n<meta name=\"twitter:label1\" content=\"Written by\" \/>\n\t<meta name=\"twitter:data1\" content=\"profexpo\" \/>\n\t<meta name=\"twitter:label2\" content=\"Est. reading time\" \/>\n\t<meta name=\"twitter:data2\" content=\"2 minutit\" \/>\n<script type=\"application\/ld+json\" class=\"yoast-schema-graph\">{\"@context\":\"https:\/\/schema.org\",\"@graph\":[{\"@type\":\"WebPage\",\"@id\":\"https:\/\/www.profexpo.ee\/foodfest\/2022\/09\/27\/tallinn-foodfest\/\",\"url\":\"https:\/\/www.profexpo.ee\/foodfest\/2022\/09\/27\/tallinn-foodfest\/\",\"name\":\"Tallinn FoodFest toob kokku nii profid kui toidus\u00f5brad - Tallinn FoodFest 2022\",\"isPartOf\":{\"@id\":\"https:\/\/www.profexpo.ee\/foodfest\/#website\"},\"primaryImageOfPage\":{\"@id\":\"https:\/\/www.profexpo.ee\/foodfest\/2022\/09\/27\/tallinn-foodfest\/#primaryimage\"},\"image\":{\"@id\":\"https:\/\/www.profexpo.ee\/foodfest\/2022\/09\/27\/tallinn-foodfest\/#primaryimage\"},\"thumbnailUrl\":\"https:\/\/www.profexpo.ee\/foodfest\/wp-content\/uploads\/2021\/10\/marekmetslaid_MMP5717.jpg\",\"datePublished\":\"2022-09-27T06:57:24+00:00\",\"dateModified\":\"2022-09-27T07:02:48+00:00\",\"author\":{\"@id\":\"https:\/\/www.profexpo.ee\/foodfest\/#\/schema\/person\/d5f0e99e41e78c79ff5dbf671616b852\"},\"breadcrumb\":{\"@id\":\"https:\/\/www.profexpo.ee\/foodfest\/2022\/09\/27\/tallinn-foodfest\/#breadcrumb\"},\"inLanguage\":\"et\",\"potentialAction\":[{\"@type\":\"ReadAction\",\"target\":[\"https:\/\/www.profexpo.ee\/foodfest\/2022\/09\/27\/tallinn-foodfest\/\"]}]},{\"@type\":\"ImageObject\",\"inLanguage\":\"et\",\"@id\":\"https:\/\/www.profexpo.ee\/foodfest\/2022\/09\/27\/tallinn-foodfest\/#primaryimage\",\"url\":\"https:\/\/www.profexpo.ee\/foodfest\/wp-content\/uploads\/2021\/10\/marekmetslaid_MMP5717.jpg\",\"contentUrl\":\"https:\/\/www.profexpo.ee\/foodfest\/wp-content\/uploads\/2021\/10\/marekmetslaid_MMP5717.jpg\",\"width\":2048,\"height\":1363},{\"@type\":\"BreadcrumbList\",\"@id\":\"https:\/\/www.profexpo.ee\/foodfest\/2022\/09\/27\/tallinn-foodfest\/#breadcrumb\",\"itemListElement\":[{\"@type\":\"ListItem\",\"position\":1,\"name\":\"Home\",\"item\":\"https:\/\/www.profexpo.ee\/foodfest\/\"},{\"@type\":\"ListItem\",\"position\":2,\"name\":\"Tallinn FoodFest toob kokku nii profid kui toidus\u00f5brad\"}]},{\"@type\":\"WebSite\",\"@id\":\"https:\/\/www.profexpo.ee\/foodfest\/#website\",\"url\":\"https:\/\/www.profexpo.ee\/foodfest\/\",\"name\":\"Tallinn FoodFest 2020\",\"description\":\"Tallinn FoodFest 2022\",\"potentialAction\":[{\"@type\":\"SearchAction\",\"target\":{\"@type\":\"EntryPoint\",\"urlTemplate\":\"https:\/\/www.profexpo.ee\/foodfest\/?s={search_term_string}\"},\"query-input\":{\"@type\":\"PropertyValueSpecification\",\"valueRequired\":true,\"valueName\":\"search_term_string\"}}],\"inLanguage\":\"et\"},{\"@type\":\"Person\",\"@id\":\"https:\/\/www.profexpo.ee\/foodfest\/#\/schema\/person\/d5f0e99e41e78c79ff5dbf671616b852\",\"name\":\"profexpo\",\"image\":{\"@type\":\"ImageObject\",\"inLanguage\":\"et\",\"@id\":\"https:\/\/www.profexpo.ee\/foodfest\/#\/schema\/person\/image\/\",\"url\":\"https:\/\/secure.gravatar.com\/avatar\/a55493e68c392eb4fdf21a90b6538e7e?s=96&d=mm&r=g\",\"contentUrl\":\"https:\/\/secure.gravatar.com\/avatar\/a55493e68c392eb4fdf21a90b6538e7e?s=96&d=mm&r=g\",\"caption\":\"profexpo\"},\"url\":\"https:\/\/www.profexpo.ee\/foodfest\/author\/profexpo\/\"}]}<\/script>\n<!-- \/ Yoast SEO plugin. -->","yoast_head_json":{"title":"Tallinn FoodFest toob kokku nii profid kui toidus\u00f5brad - Tallinn FoodFest 2022","robots":{"index":"index","follow":"follow","max-snippet":"max-snippet:-1","max-image-preview":"max-image-preview:large","max-video-preview":"max-video-preview:-1"},"canonical":"https:\/\/www.profexpo.ee\/foodfest\/2022\/09\/27\/tallinn-foodfest\/","og_locale":"et_EE","og_type":"article","og_title":"Tallinn FoodFest toob kokku nii profid kui toidus\u00f5brad - Tallinn FoodFest 2022","og_description":"29. septembrist 1. oktoobrini toimub j\u00e4rjekorras kahek\u00fcmne \u00fcheksas toidumess Tallinn FoodFest, kuhu oodatakse tuhandeid kaubanduse, toidut\u00f6\u00f6stuse, toitlustuse, hotellinduse ning paljude sidusalade esindajaid &#8211; toiduprofessionaale nii Eestist kui v\u00e4lisriikidest. Messi viimane p\u00e4ev on kuulutatud k\u00f5igi toidus\u00f5prade p\u00e4evaks ning oodatud on k\u00f5ik huvilised. Neljap\u00e4eval ja reedel on mess avatud vaid ettev\u00f5tjatele ja spetsialistidele toiduvaldkonnast, kuid laup\u00e4eval avatakse... Loe edasi","og_url":"https:\/\/www.profexpo.ee\/foodfest\/2022\/09\/27\/tallinn-foodfest\/","og_site_name":"Tallinn FoodFest 2022","article_published_time":"2022-09-27T06:57:24+00:00","article_modified_time":"2022-09-27T07:02:48+00:00","og_image":[{"width":700,"height":466,"url":"https:\/\/www.profexpo.ee\/foodfest\/wp-content\/uploads\/2021\/10\/marekmetslaid_MMP5717-700x466.jpg","type":"image\/jpeg"}],"author":"profexpo","twitter_card":"summary_large_image","twitter_misc":{"Written by":"profexpo","Est. reading time":"2 minutit"},"schema":{"@context":"https:\/\/schema.org","@graph":[{"@type":"WebPage","@id":"https:\/\/www.profexpo.ee\/foodfest\/2022\/09\/27\/tallinn-foodfest\/","url":"https:\/\/www.profexpo.ee\/foodfest\/2022\/09\/27\/tallinn-foodfest\/","name":"Tallinn FoodFest toob kokku nii profid kui toidus\u00f5brad - Tallinn FoodFest 2022","isPartOf":{"@id":"https:\/\/www.profexpo.ee\/foodfest\/#website"},"primaryImageOfPage":{"@id":"https:\/\/www.profexpo.ee\/foodfest\/2022\/09\/27\/tallinn-foodfest\/#primaryimage"},"image":{"@id":"https:\/\/www.profexpo.ee\/foodfest\/2022\/09\/27\/tallinn-foodfest\/#primaryimage"},"thumbnailUrl":"https:\/\/www.profexpo.ee\/foodfest\/wp-content\/uploads\/2021\/10\/marekmetslaid_MMP5717.jpg","datePublished":"2022-09-27T06:57:24+00:00","dateModified":"2022-09-27T07:02:48+00:00","author":{"@id":"https:\/\/www.profexpo.ee\/foodfest\/#\/schema\/person\/d5f0e99e41e78c79ff5dbf671616b852"},"breadcrumb":{"@id":"https:\/\/www.profexpo.ee\/foodfest\/2022\/09\/27\/tallinn-foodfest\/#breadcrumb"},"inLanguage":"et","potentialAction":[{"@type":"ReadAction","target":["https:\/\/www.profexpo.ee\/foodfest\/2022\/09\/27\/tallinn-foodfest\/"]}]},{"@type":"ImageObject","inLanguage":"et","@id":"https:\/\/www.profexpo.ee\/foodfest\/2022\/09\/27\/tallinn-foodfest\/#primaryimage","url":"https:\/\/www.profexpo.ee\/foodfest\/wp-content\/uploads\/2021\/10\/marekmetslaid_MMP5717.jpg","contentUrl":"https:\/\/www.profexpo.ee\/foodfest\/wp-content\/uploads\/2021\/10\/marekmetslaid_MMP5717.jpg","width":2048,"height":1363},{"@type":"BreadcrumbList","@id":"https:\/\/www.profexpo.ee\/foodfest\/2022\/09\/27\/tallinn-foodfest\/#breadcrumb","itemListElement":[{"@type":"ListItem","position":1,"name":"Home","item":"https:\/\/www.profexpo.ee\/foodfest\/"},{"@type":"ListItem","position":2,"name":"Tallinn FoodFest toob kokku nii profid kui toidus\u00f5brad"}]},{"@type":"WebSite","@id":"https:\/\/www.profexpo.ee\/foodfest\/#website","url":"https:\/\/www.profexpo.ee\/foodfest\/","name":"Tallinn FoodFest 2020","description":"Tallinn FoodFest 2022","potentialAction":[{"@type":"SearchAction","target":{"@type":"EntryPoint","urlTemplate":"https:\/\/www.profexpo.ee\/foodfest\/?s={search_term_string}"},"query-input":{"@type":"PropertyValueSpecification","valueRequired":true,"valueName":"search_term_string"}}],"inLanguage":"et"},{"@type":"Person","@id":"https:\/\/www.profexpo.ee\/foodfest\/#\/schema\/person\/d5f0e99e41e78c79ff5dbf671616b852","name":"profexpo","image":{"@type":"ImageObject","inLanguage":"et","@id":"https:\/\/www.profexpo.ee\/foodfest\/#\/schema\/person\/image\/","url":"https:\/\/secure.gravatar.com\/avatar\/a55493e68c392eb4fdf21a90b6538e7e?s=96&d=mm&r=g","contentUrl":"https:\/\/secure.gravatar.com\/avatar\/a55493e68c392eb4fdf21a90b6538e7e?s=96&d=mm&r=g","caption":"profexpo"},"url":"https:\/\/www.profexpo.ee\/foodfest\/author\/profexpo\/"}]}},"_links":{"self":[{"href":"https:\/\/www.profexpo.ee\/foodfest\/wp-json\/wp\/v2\/posts\/14262","targetHints":{"allow":["GET"]}}],"collection":[{"href":"https:\/\/www.profexpo.ee\/foodfest\/wp-json\/wp\/v2\/posts"}],"about":[{"href":"https:\/\/www.profexpo.ee\/foodfest\/wp-json\/wp\/v2\/types\/post"}],"author":[{"embeddable":true,"href":"https:\/\/www.profexpo.ee\/foodfest\/wp-json\/wp\/v2\/users\/3"}],"replies":[{"embeddable":true,"href":"https:\/\/www.profexpo.ee\/foodfest\/wp-json\/wp\/v2\/comments?post=14262"}],"version-history":[{"count":2,"href":"https:\/\/www.profexpo.ee\/foodfest\/wp-json\/wp\/v2\/posts\/14262\/revisions"}],"predecessor-version":[{"id":14266,"href":"https:\/\/www.profexpo.ee\/foodfest\/wp-json\/wp\/v2\/posts\/14262\/revisions\/14266"}],"wp:featuredmedia":[{"embeddable":true,"href":"https:\/\/www.profexpo.ee\/foodfest\/wp-json\/wp\/v2\/media\/12976"}],"wp:attachment":[{"href":"https:\/\/www.profexpo.ee\/foodfest\/wp-json\/wp\/v2\/media?parent=14262"}],"wp:term":[{"taxonomy":"category","embeddable":true,"href":"https:\/\/www.profexpo.ee\/foodfest\/wp-json\/wp\/v2\/categories?post=14262"},{"taxonomy":"post_tag","embeddable":true,"href":"https:\/\/www.profexpo.ee\/foodfest\/wp-json\/wp\/v2\/tags?post=14262"}],"curies":[{"name":"wp","href":"https:\/\/api.w.org\/{rel}","templated":true}]}}