{"id":14273,"date":"2022-09-27T10:29:39","date_gmt":"2022-09-27T07:29:39","guid":{"rendered":"https:\/\/www.profexpo.ee\/foodfest\/?p=14273"},"modified":"2022-09-27T10:29:39","modified_gmt":"2022-09-27T07:29:39","slug":"toiduvaldkond-kohtume-taas","status":"publish","type":"post","link":"https:\/\/www.profexpo.ee\/foodfest\/2022\/09\/27\/toiduvaldkond-kohtume-taas\/","title":{"rendered":"Toiduvaldkond, kohtume taas!"},"content":{"rendered":"<p>Kahek\u00fcmne \u00fcheksandat korda kohtub Eesti toiduvaldkond messil. Toidumessil osalejad ja v\u00e4ljapandu kajastavad ehedalt meie toidukultuuri arengut ning valdkonna majanduslikku seisu. Uued tooted, lisandunud maitsevalikud, edenenud tootearendus, toodete p\u00fcsiv kvaliteet \u2013 need on peamised mootorid, mis messile toovad. Sedapuhku peegeldab mess valdkonna ettev\u00f5tjate visadust ning pealehakkamist majanduskeskkonna muutustega toimetulekul.<\/p>\n<p>Toiduvaldkonna messil on t\u00f6\u00f6stuse, kaubanduse, toitlustuse, majutuse ning hulga sidusalade esindajate silmast silma kohtumised oluliseks eeliseks muude infokanalite ja kommunikatsioonivahendite ees. Otsene kontakt, infovahetus, arutelud, aga ka tunnustavad \u00f5lalepatsutused ning s\u00f5bralikud naeratused tekitavad emotsiooni ja annavad kogemuse, mida jagatakse kolleegidega \u2013 tuuakse igap\u00e4evastesse t\u00f6\u00f6desse ja tegemistesse.<\/p>\n<p>Messik\u00fclastajad on asjatundlikud ning huvitatud valdkonna uudistoodetest, tootearengutest ja trendidest. Meie uuringutulemuste p\u00f5hjal joonistub v\u00e4lja j\u00e4rgmine messik\u00fclastaja koondportree: huvitub uudistoodetest (76% 2021. aastal k\u00fcsitletud \u00e4rik\u00fclastajatest), soovib olla kursis turul toimuvaga laiemalt (66%), tutvub uute pakkujatega (55%), t\u00e4iendab erialaseid teadmisi (44%). Samuti tahab k\u00fclastaja leida messil eest oma lemmiktooteid ning veenduda nende p\u00fcsivas kvaliteedis.<\/p>\n<p>K\u00fclastajat ootab selgi korral Eesti N\u00e4ituste messikeskuses esinduslik kodumaine ning arvukas rahvusvaheline osav\u00f5tjaskond. K\u00fclastuse magnetiks on profilt profile teabeprogramm, mis pakub valiku huvitavaid esitlusi, toodete hindamisi ja kutseala konkursse.<\/p>\n<p>Messile v\u00e4ljatoodu kannab m\u00e4rks\u00f5nu: eestimaine, tervislik ja uudne.<\/p>\n<p>Traditsioon ja asjatundlikkus on j\u00e4tkuvalt Tallinn FoodFesti motoks. Kohtumiseni messil!<\/p>\n<p>&nbsp;<\/p>\n<p>Tiit Sarv<\/p>\n<p>Toidumessi korraldaja aastast 1993<\/p>\n<p><a href=\"https:\/\/www.profexpo.ee\/foodfest\/wp-content\/uploads\/2018\/09\/Profexpo-logo-2-250x115.jpg\"><img loading=\"lazy\" decoding=\"async\" class=\" wp-image-4504 alignleft\" src=\"https:\/\/www.profexpo.ee\/foodfest\/wp-content\/uploads\/2018\/09\/Profexpo-logo-2-250x115-250x115.jpg\" alt=\"\" width=\"230\" height=\"106\" srcset=\"https:\/\/www.profexpo.ee\/foodfest\/wp-content\/uploads\/2018\/09\/Profexpo-logo-2-250x115.jpg 250w, https:\/\/www.profexpo.ee\/foodfest\/wp-content\/uploads\/2018\/09\/Profexpo-logo-2-250x115-120x55.jpg 120w\" sizes=\"auto, (max-width: 230px) 100vw, 230px\" \/><\/a><\/p>\n","protected":false},"excerpt":{"rendered":"Kahek\u00fcmne \u00fcheksandat korda kohtub Eesti toiduvaldkond messil. Toidumessil osalejad ja v\u00e4ljapandu kajastavad ehedalt meie toidukultuuri arengut ning valdkonna majanduslikku seisu. Uued tooted, lisandunud maitsevalikud, edenenud tootearendus, toodete p\u00fcsiv kvaliteet \u2013 need on peamised mootorid, mis messile toovad. Sedapuhku peegeldab mess valdkonna ettev\u00f5tjate visadust ning pealehakkamist majanduskeskkonna muutustega toimetulekul. Toiduvaldkonna messil on t\u00f6\u00f6stuse, kaubanduse, toitlustuse, majutuse&#8230; <a class=\"view-article\" href=\"https:\/\/www.profexpo.ee\/foodfest\/2022\/09\/27\/toiduvaldkond-kohtume-taas\/\">Loe edasi<\/a>","protected":false},"author":3,"featured_media":12826,"comment_status":"open","ping_status":"open","sticky":false,"template":"","format":"standard","meta":{"footnotes":""},"categories":[2],"tags":[],"class_list":["post-14273","post","type-post","status-publish","format-standard","has-post-thumbnail","hentry","category-maaratlemata-et"],"yoast_head":"<!-- This site is optimized with the Yoast SEO plugin v24.7 - https:\/\/yoast.com\/wordpress\/plugins\/seo\/ -->\n<title>Toiduvaldkond, kohtume taas! - Tallinn FoodFest 2022<\/title>\n<meta name=\"robots\" content=\"index, follow, max-snippet:-1, max-image-preview:large, max-video-preview:-1\" \/>\n<link rel=\"canonical\" href=\"https:\/\/www.profexpo.ee\/foodfest\/2022\/09\/27\/toiduvaldkond-kohtume-taas\/\" \/>\n<meta property=\"og:locale\" content=\"et_EE\" \/>\n<meta property=\"og:type\" content=\"article\" \/>\n<meta property=\"og:title\" content=\"Toiduvaldkond, kohtume taas! - Tallinn FoodFest 2022\" \/>\n<meta property=\"og:description\" content=\"Kahek\u00fcmne \u00fcheksandat korda kohtub Eesti toiduvaldkond messil. Toidumessil osalejad ja v\u00e4ljapandu kajastavad ehedalt meie toidukultuuri arengut ning valdkonna majanduslikku seisu. Uued tooted, lisandunud maitsevalikud, edenenud tootearendus, toodete p\u00fcsiv kvaliteet \u2013 need on peamised mootorid, mis messile toovad. Sedapuhku peegeldab mess valdkonna ettev\u00f5tjate visadust ning pealehakkamist majanduskeskkonna muutustega toimetulekul. Toiduvaldkonna messil on t\u00f6\u00f6stuse, kaubanduse, toitlustuse, majutuse... Loe edasi\" \/>\n<meta property=\"og:url\" content=\"https:\/\/www.profexpo.ee\/foodfest\/2022\/09\/27\/toiduvaldkond-kohtume-taas\/\" \/>\n<meta property=\"og:site_name\" content=\"Tallinn FoodFest 2022\" \/>\n<meta property=\"article:published_time\" content=\"2022-09-27T07:29:39+00:00\" \/>\n<meta property=\"og:image\" content=\"https:\/\/www.profexpo.ee\/foodfest\/wp-content\/uploads\/2021\/10\/marekmetslaid_MMP3063.jpg\" \/>\n\t<meta property=\"og:image:width\" content=\"2048\" \/>\n\t<meta property=\"og:image:height\" content=\"1363\" \/>\n\t<meta property=\"og:image:type\" content=\"image\/jpeg\" \/>\n<meta name=\"author\" content=\"profexpo\" \/>\n<meta name=\"twitter:card\" content=\"summary_large_image\" \/>\n<meta name=\"twitter:label1\" content=\"Written by\" \/>\n\t<meta name=\"twitter:data1\" content=\"profexpo\" \/>\n\t<meta name=\"twitter:label2\" content=\"Est. reading time\" \/>\n\t<meta name=\"twitter:data2\" content=\"2 minutit\" \/>\n<script type=\"application\/ld+json\" class=\"yoast-schema-graph\">{\"@context\":\"https:\/\/schema.org\",\"@graph\":[{\"@type\":\"WebPage\",\"@id\":\"https:\/\/www.profexpo.ee\/foodfest\/2022\/09\/27\/toiduvaldkond-kohtume-taas\/\",\"url\":\"https:\/\/www.profexpo.ee\/foodfest\/2022\/09\/27\/toiduvaldkond-kohtume-taas\/\",\"name\":\"Toiduvaldkond, kohtume taas! - Tallinn FoodFest 2022\",\"isPartOf\":{\"@id\":\"https:\/\/www.profexpo.ee\/foodfest\/#website\"},\"primaryImageOfPage\":{\"@id\":\"https:\/\/www.profexpo.ee\/foodfest\/2022\/09\/27\/toiduvaldkond-kohtume-taas\/#primaryimage\"},\"image\":{\"@id\":\"https:\/\/www.profexpo.ee\/foodfest\/2022\/09\/27\/toiduvaldkond-kohtume-taas\/#primaryimage\"},\"thumbnailUrl\":\"https:\/\/www.profexpo.ee\/foodfest\/wp-content\/uploads\/2021\/10\/marekmetslaid_MMP3063.jpg\",\"datePublished\":\"2022-09-27T07:29:39+00:00\",\"author\":{\"@id\":\"https:\/\/www.profexpo.ee\/foodfest\/#\/schema\/person\/d5f0e99e41e78c79ff5dbf671616b852\"},\"breadcrumb\":{\"@id\":\"https:\/\/www.profexpo.ee\/foodfest\/2022\/09\/27\/toiduvaldkond-kohtume-taas\/#breadcrumb\"},\"inLanguage\":\"et\",\"potentialAction\":[{\"@type\":\"ReadAction\",\"target\":[\"https:\/\/www.profexpo.ee\/foodfest\/2022\/09\/27\/toiduvaldkond-kohtume-taas\/\"]}]},{\"@type\":\"ImageObject\",\"inLanguage\":\"et\",\"@id\":\"https:\/\/www.profexpo.ee\/foodfest\/2022\/09\/27\/toiduvaldkond-kohtume-taas\/#primaryimage\",\"url\":\"https:\/\/www.profexpo.ee\/foodfest\/wp-content\/uploads\/2021\/10\/marekmetslaid_MMP3063.jpg\",\"contentUrl\":\"https:\/\/www.profexpo.ee\/foodfest\/wp-content\/uploads\/2021\/10\/marekmetslaid_MMP3063.jpg\",\"width\":2048,\"height\":1363},{\"@type\":\"BreadcrumbList\",\"@id\":\"https:\/\/www.profexpo.ee\/foodfest\/2022\/09\/27\/toiduvaldkond-kohtume-taas\/#breadcrumb\",\"itemListElement\":[{\"@type\":\"ListItem\",\"position\":1,\"name\":\"Home\",\"item\":\"https:\/\/www.profexpo.ee\/foodfest\/\"},{\"@type\":\"ListItem\",\"position\":2,\"name\":\"Toiduvaldkond, kohtume taas!\"}]},{\"@type\":\"WebSite\",\"@id\":\"https:\/\/www.profexpo.ee\/foodfest\/#website\",\"url\":\"https:\/\/www.profexpo.ee\/foodfest\/\",\"name\":\"Tallinn FoodFest 2020\",\"description\":\"Tallinn FoodFest 2022\",\"potentialAction\":[{\"@type\":\"SearchAction\",\"target\":{\"@type\":\"EntryPoint\",\"urlTemplate\":\"https:\/\/www.profexpo.ee\/foodfest\/?s={search_term_string}\"},\"query-input\":{\"@type\":\"PropertyValueSpecification\",\"valueRequired\":true,\"valueName\":\"search_term_string\"}}],\"inLanguage\":\"et\"},{\"@type\":\"Person\",\"@id\":\"https:\/\/www.profexpo.ee\/foodfest\/#\/schema\/person\/d5f0e99e41e78c79ff5dbf671616b852\",\"name\":\"profexpo\",\"image\":{\"@type\":\"ImageObject\",\"inLanguage\":\"et\",\"@id\":\"https:\/\/www.profexpo.ee\/foodfest\/#\/schema\/person\/image\/\",\"url\":\"https:\/\/secure.gravatar.com\/avatar\/a55493e68c392eb4fdf21a90b6538e7e?s=96&d=mm&r=g\",\"contentUrl\":\"https:\/\/secure.gravatar.com\/avatar\/a55493e68c392eb4fdf21a90b6538e7e?s=96&d=mm&r=g\",\"caption\":\"profexpo\"},\"url\":\"https:\/\/www.profexpo.ee\/foodfest\/author\/profexpo\/\"}]}<\/script>\n<!-- \/ Yoast SEO plugin. -->","yoast_head_json":{"title":"Toiduvaldkond, kohtume taas! - Tallinn FoodFest 2022","robots":{"index":"index","follow":"follow","max-snippet":"max-snippet:-1","max-image-preview":"max-image-preview:large","max-video-preview":"max-video-preview:-1"},"canonical":"https:\/\/www.profexpo.ee\/foodfest\/2022\/09\/27\/toiduvaldkond-kohtume-taas\/","og_locale":"et_EE","og_type":"article","og_title":"Toiduvaldkond, kohtume taas! - Tallinn FoodFest 2022","og_description":"Kahek\u00fcmne \u00fcheksandat korda kohtub Eesti toiduvaldkond messil. Toidumessil osalejad ja v\u00e4ljapandu kajastavad ehedalt meie toidukultuuri arengut ning valdkonna majanduslikku seisu. Uued tooted, lisandunud maitsevalikud, edenenud tootearendus, toodete p\u00fcsiv kvaliteet \u2013 need on peamised mootorid, mis messile toovad. Sedapuhku peegeldab mess valdkonna ettev\u00f5tjate visadust ning pealehakkamist majanduskeskkonna muutustega toimetulekul. Toiduvaldkonna messil on t\u00f6\u00f6stuse, kaubanduse, toitlustuse, majutuse... Loe edasi","og_url":"https:\/\/www.profexpo.ee\/foodfest\/2022\/09\/27\/toiduvaldkond-kohtume-taas\/","og_site_name":"Tallinn FoodFest 2022","article_published_time":"2022-09-27T07:29:39+00:00","og_image":[{"width":2048,"height":1363,"url":"https:\/\/www.profexpo.ee\/foodfest\/wp-content\/uploads\/2021\/10\/marekmetslaid_MMP3063.jpg","type":"image\/jpeg"}],"author":"profexpo","twitter_card":"summary_large_image","twitter_misc":{"Written by":"profexpo","Est. reading time":"2 minutit"},"schema":{"@context":"https:\/\/schema.org","@graph":[{"@type":"WebPage","@id":"https:\/\/www.profexpo.ee\/foodfest\/2022\/09\/27\/toiduvaldkond-kohtume-taas\/","url":"https:\/\/www.profexpo.ee\/foodfest\/2022\/09\/27\/toiduvaldkond-kohtume-taas\/","name":"Toiduvaldkond, kohtume taas! - Tallinn FoodFest 2022","isPartOf":{"@id":"https:\/\/www.profexpo.ee\/foodfest\/#website"},"primaryImageOfPage":{"@id":"https:\/\/www.profexpo.ee\/foodfest\/2022\/09\/27\/toiduvaldkond-kohtume-taas\/#primaryimage"},"image":{"@id":"https:\/\/www.profexpo.ee\/foodfest\/2022\/09\/27\/toiduvaldkond-kohtume-taas\/#primaryimage"},"thumbnailUrl":"https:\/\/www.profexpo.ee\/foodfest\/wp-content\/uploads\/2021\/10\/marekmetslaid_MMP3063.jpg","datePublished":"2022-09-27T07:29:39+00:00","author":{"@id":"https:\/\/www.profexpo.ee\/foodfest\/#\/schema\/person\/d5f0e99e41e78c79ff5dbf671616b852"},"breadcrumb":{"@id":"https:\/\/www.profexpo.ee\/foodfest\/2022\/09\/27\/toiduvaldkond-kohtume-taas\/#breadcrumb"},"inLanguage":"et","potentialAction":[{"@type":"ReadAction","target":["https:\/\/www.profexpo.ee\/foodfest\/2022\/09\/27\/toiduvaldkond-kohtume-taas\/"]}]},{"@type":"ImageObject","inLanguage":"et","@id":"https:\/\/www.profexpo.ee\/foodfest\/2022\/09\/27\/toiduvaldkond-kohtume-taas\/#primaryimage","url":"https:\/\/www.profexpo.ee\/foodfest\/wp-content\/uploads\/2021\/10\/marekmetslaid_MMP3063.jpg","contentUrl":"https:\/\/www.profexpo.ee\/foodfest\/wp-content\/uploads\/2021\/10\/marekmetslaid_MMP3063.jpg","width":2048,"height":1363},{"@type":"BreadcrumbList","@id":"https:\/\/www.profexpo.ee\/foodfest\/2022\/09\/27\/toiduvaldkond-kohtume-taas\/#breadcrumb","itemListElement":[{"@type":"ListItem","position":1,"name":"Home","item":"https:\/\/www.profexpo.ee\/foodfest\/"},{"@type":"ListItem","position":2,"name":"Toiduvaldkond, kohtume taas!"}]},{"@type":"WebSite","@id":"https:\/\/www.profexpo.ee\/foodfest\/#website","url":"https:\/\/www.profexpo.ee\/foodfest\/","name":"Tallinn FoodFest 2020","description":"Tallinn FoodFest 2022","potentialAction":[{"@type":"SearchAction","target":{"@type":"EntryPoint","urlTemplate":"https:\/\/www.profexpo.ee\/foodfest\/?s={search_term_string}"},"query-input":{"@type":"PropertyValueSpecification","valueRequired":true,"valueName":"search_term_string"}}],"inLanguage":"et"},{"@type":"Person","@id":"https:\/\/www.profexpo.ee\/foodfest\/#\/schema\/person\/d5f0e99e41e78c79ff5dbf671616b852","name":"profexpo","image":{"@type":"ImageObject","inLanguage":"et","@id":"https:\/\/www.profexpo.ee\/foodfest\/#\/schema\/person\/image\/","url":"https:\/\/secure.gravatar.com\/avatar\/a55493e68c392eb4fdf21a90b6538e7e?s=96&d=mm&r=g","contentUrl":"https:\/\/secure.gravatar.com\/avatar\/a55493e68c392eb4fdf21a90b6538e7e?s=96&d=mm&r=g","caption":"profexpo"},"url":"https:\/\/www.profexpo.ee\/foodfest\/author\/profexpo\/"}]}},"_links":{"self":[{"href":"https:\/\/www.profexpo.ee\/foodfest\/wp-json\/wp\/v2\/posts\/14273","targetHints":{"allow":["GET"]}}],"collection":[{"href":"https:\/\/www.profexpo.ee\/foodfest\/wp-json\/wp\/v2\/posts"}],"about":[{"href":"https:\/\/www.profexpo.ee\/foodfest\/wp-json\/wp\/v2\/types\/post"}],"author":[{"embeddable":true,"href":"https:\/\/www.profexpo.ee\/foodfest\/wp-json\/wp\/v2\/users\/3"}],"replies":[{"embeddable":true,"href":"https:\/\/www.profexpo.ee\/foodfest\/wp-json\/wp\/v2\/comments?post=14273"}],"version-history":[{"count":1,"href":"https:\/\/www.profexpo.ee\/foodfest\/wp-json\/wp\/v2\/posts\/14273\/revisions"}],"predecessor-version":[{"id":14274,"href":"https:\/\/www.profexpo.ee\/foodfest\/wp-json\/wp\/v2\/posts\/14273\/revisions\/14274"}],"wp:featuredmedia":[{"embeddable":true,"href":"https:\/\/www.profexpo.ee\/foodfest\/wp-json\/wp\/v2\/media\/12826"}],"wp:attachment":[{"href":"https:\/\/www.profexpo.ee\/foodfest\/wp-json\/wp\/v2\/media?parent=14273"}],"wp:term":[{"taxonomy":"category","embeddable":true,"href":"https:\/\/www.profexpo.ee\/foodfest\/wp-json\/wp\/v2\/categories?post=14273"},{"taxonomy":"post_tag","embeddable":true,"href":"https:\/\/www.profexpo.ee\/foodfest\/wp-json\/wp\/v2\/tags?post=14273"}],"curies":[{"name":"wp","href":"https:\/\/api.w.org\/{rel}","templated":true}]}}