{"id":14331,"date":"2022-09-29T15:31:57","date_gmt":"2022-09-29T12:31:57","guid":{"rendered":"https:\/\/www.profexpo.ee\/foodfest\/?p=14331"},"modified":"2022-09-29T15:46:34","modified_gmt":"2022-09-29T12:46:34","slug":"aasta-kokaraamatuks-valiti-metsikuid-taimi-tutvustav-teos","status":"publish","type":"post","link":"https:\/\/www.profexpo.ee\/foodfest\/2022\/09\/29\/aasta-kokaraamatuks-valiti-metsikuid-taimi-tutvustav-teos\/","title":{"rendered":"Aasta kokaraamatuks valiti metsikuid taimi tutvustav teos"},"content":{"rendered":"<p><strong>Toidumessil Tallinn FoodFestil selgus Aasta kokaraamat 2022, maineka tiitli p\u00e4lvis \u201eMetsapoole maitsed &#8211; taimed ja toit\u201d, mille autoriteks on Maret Allikas, Margit V\u00e4lja ja Hele-Ma<a href=\"https:\/\/www.profexpo.ee\/foodfest\/wp-content\/uploads\/2022\/09\/Kokaraamat_logo_2022-01.jpg\"><img loading=\"lazy\" decoding=\"async\" width=\"250\" height=\"249\" class=\"alignright size-medium wp-image-14339\" src=\"https:\/\/www.profexpo.ee\/foodfest\/wp-content\/uploads\/2022\/09\/Kokaraamat_logo_2022-01-250x249.jpg\" alt=\"\" srcset=\"https:\/\/www.profexpo.ee\/foodfest\/wp-content\/uploads\/2022\/09\/Kokaraamat_logo_2022-01-250x249.jpg 250w, https:\/\/www.profexpo.ee\/foodfest\/wp-content\/uploads\/2022\/09\/Kokaraamat_logo_2022-01-700x696.jpg 700w, https:\/\/www.profexpo.ee\/foodfest\/wp-content\/uploads\/2022\/09\/Kokaraamat_logo_2022-01-150x150.jpg 150w, https:\/\/www.profexpo.ee\/foodfest\/wp-content\/uploads\/2022\/09\/Kokaraamat_logo_2022-01-768x764.jpg 768w, https:\/\/www.profexpo.ee\/foodfest\/wp-content\/uploads\/2022\/09\/Kokaraamat_logo_2022-01-450x447.jpg 450w, https:\/\/www.profexpo.ee\/foodfest\/wp-content\/uploads\/2022\/09\/Kokaraamat_logo_2022-01-900x895.jpg 900w, https:\/\/www.profexpo.ee\/foodfest\/wp-content\/uploads\/2022\/09\/Kokaraamat_logo_2022-01-120x119.jpg 120w, https:\/\/www.profexpo.ee\/foodfest\/wp-content\/uploads\/2022\/09\/Kokaraamat_logo_2022-01.jpg 1258w\" sizes=\"auto, (max-width: 250px) 100vw, 250px\" \/><\/a>i Alamaa.<\/strong><\/p>\n<p>&nbsp;<\/p>\n<p>Tunnustuse p\u00e4lvinud raamat koosneb kahest osast: esimene tutvustab lugejale metsikuid toidutaimi ning teine julgustab kasutama neid toidutegemiseks. Raamatu \u00fcks autoreid Hele-Mai Alamaa arvab, et nende teose tugevuseks on eelk\u00f5ige, et see on sobilik nii algajale, aga huvitav lugemine ka edasij\u00f5udnud taimes\u00f5prade jaoks.<\/p>\n<p>\u201eSeal leidub nii teadatuntud taimi, aga pean tunnistama, et raamatut kokku pannes pidin ka ise vahepeal \u00fcllatuma,\u201c kommenteeris Alamaa ja lisas, et kuigi ta on tehtud t\u00f6\u00f6 \u00fcle v\u00e4ga uhke, siis ei oodanud ta p\u00e4ris, et raamat sellise tiitli v\u00f5iks p\u00e4lvida.<\/p>\n<p><strong>\u00a0<\/strong>II koha v\u00e4\u00e4riliseks tunnistas \u017e\u00fcrii \u201eKondiitrikunst sinu k\u00f6\u00f6gis\u201d Olga Kaju ja kirjastus Varrak. Ja III koha saavutas \u201eMahe rohumaaveis\u201c mille v\u00e4ljaandjaks olid Liivimaa Lihaveis ja Linnam\u00e4e Lihat\u00f6\u00f6stus AS.<\/p>\n<p>Parimaks t\u00f5lke-kokaraamatuks valiti \u201eJamie Oliver. Koos\u201c mille t\u00f5lkija on Marju Taukar ja toimetanud Brita Kaasik, v\u00e4ljaandja Kirjastus Pegasus.<\/p>\n<p>Aasta kokaraamat v\u00f5istluse eesm\u00e4rgiks on tutvustada aasta jooksul ilmunud kokandusteemalist kirjandust tarbijatele, samuti toetada eestikeelse kokandusalase kirjanduse ilmumist, arengut ning traditsiooni. \u201eKonkursile esitati 14 raamatut 10 kirjastuse poolt, see on viimaste aastate suurim osalejate arv. Tore on n\u00e4ha, et kokaraamatud on ikka populaarsed ning meil ilmuvad raamatud on sisult tugevad ja igati tasemel\u201c \u00fctles Kennet Sarv Tallinn FoodFesti programmi koordinaator.<\/p>\n<p>&nbsp;<\/p>\n<p>Parima kokaraamatu valis \u017e\u00fcrii, kuhu kuulusid:<\/p>\n<p>Diane Sarapuu-Kelder, Tallinna Teeninduskooli valdkonna \u00f5ppej\u00f5ud<\/p>\n<p>Kaidi Urmet, Eesti Kirjastuste Liidu tegevjuht<\/p>\n<p>Kersti S\u00fclla, Antalis AS tr\u00fckipaberite konsultant<\/p>\n<p>Kristiina Karu, Rahva Raamatu digiturunduse projektijuht<\/p>\n<p>Lauri Tomingas, peakokk ja EP\u00dc liige<\/p>\n<p>Mart Anderson, kujundusgraafik ja kirjakunstnik<\/p>\n<p>Olesja Sokolova, Tallinna Teeninduskooli \u00f5pilane<\/p>\n<p>&nbsp;<\/p>\n<p>Raamatukonkurssi korraldas Profexpo koos Eesti Kirjastuste Liiduga.<\/p>\n<p><a href=\"https:\/\/www.profexpo.ee\/foodfest\/wp-content\/uploads\/2018\/09\/Profexpo-logo-2-250x115.jpg\"><img loading=\"lazy\" decoding=\"async\" class=\" wp-image-4504 alignleft\" src=\"https:\/\/www.profexpo.ee\/foodfest\/wp-content\/uploads\/2018\/09\/Profexpo-logo-2-250x115-250x115.jpg\" alt=\"\" width=\"250\" height=\"115\" srcset=\"https:\/\/www.profexpo.ee\/foodfest\/wp-content\/uploads\/2018\/09\/Profexpo-logo-2-250x115.jpg 250w, https:\/\/www.profexpo.ee\/foodfest\/wp-content\/uploads\/2018\/09\/Profexpo-logo-2-250x115-120x55.jpg 120w\" sizes=\"auto, (max-width: 250px) 100vw, 250px\" \/><\/a><a href=\"https:\/\/www.profexpo.ee\/foodfest\/wp-content\/uploads\/2018\/09\/eesti-kirjastusteliit-logo-1-250x124.jpg\"><img loading=\"lazy\" decoding=\"async\" width=\"250\" height=\"124\" class=\"size-medium wp-image-4502 alignleft\" src=\"https:\/\/www.profexpo.ee\/foodfest\/wp-content\/uploads\/2018\/09\/eesti-kirjastusteliit-logo-1-250x124-250x124.jpg\" alt=\"\" srcset=\"https:\/\/www.profexpo.ee\/foodfest\/wp-content\/uploads\/2018\/09\/eesti-kirjastusteliit-logo-1-250x124.jpg 250w, https:\/\/www.profexpo.ee\/foodfest\/wp-content\/uploads\/2018\/09\/eesti-kirjastusteliit-logo-1-250x124-120x60.jpg 120w\" sizes=\"auto, (max-width: 250px) 100vw, 250px\" \/><\/a><\/p>\n","protected":false},"excerpt":{"rendered":"Toidumessil Tallinn FoodFestil selgus Aasta kokaraamat 2022, maineka tiitli p\u00e4lvis \u201eMetsapoole maitsed &#8211; taimed ja toit\u201d, mille autoriteks on Maret Allikas, Margit V\u00e4lja ja Hele-Mai Alamaa. &nbsp; Tunnustuse p\u00e4lvinud raamat koosneb kahest osast: esimene tutvustab lugejale metsikuid toidutaimi ning teine julgustab kasutama neid toidutegemiseks. Raamatu \u00fcks autoreid Hele-Mai Alamaa arvab, et nende teose tugevuseks on&#8230; <a class=\"view-article\" href=\"https:\/\/www.profexpo.ee\/foodfest\/2022\/09\/29\/aasta-kokaraamatuks-valiti-metsikuid-taimi-tutvustav-teos\/\">Loe edasi<\/a>","protected":false},"author":3,"featured_media":14336,"comment_status":"open","ping_status":"open","sticky":false,"template":"","format":"standard","meta":{"footnotes":""},"categories":[2],"tags":[],"class_list":["post-14331","post","type-post","status-publish","format-standard","has-post-thumbnail","hentry","category-maaratlemata-et"],"yoast_head":"<!-- This site is optimized with the Yoast SEO plugin v24.7 - https:\/\/yoast.com\/wordpress\/plugins\/seo\/ -->\n<title>Aasta kokaraamatuks valiti metsikuid taimi tutvustav teos - Tallinn FoodFest 2022<\/title>\n<meta name=\"robots\" content=\"index, follow, max-snippet:-1, max-image-preview:large, max-video-preview:-1\" \/>\n<link rel=\"canonical\" href=\"https:\/\/www.profexpo.ee\/foodfest\/2022\/09\/29\/aasta-kokaraamatuks-valiti-metsikuid-taimi-tutvustav-teos\/\" \/>\n<meta property=\"og:locale\" content=\"et_EE\" \/>\n<meta property=\"og:type\" content=\"article\" \/>\n<meta property=\"og:title\" content=\"Aasta kokaraamatuks valiti metsikuid taimi tutvustav teos - Tallinn FoodFest 2022\" \/>\n<meta property=\"og:description\" content=\"Toidumessil Tallinn FoodFestil selgus Aasta kokaraamat 2022, maineka tiitli p\u00e4lvis \u201eMetsapoole maitsed &#8211; taimed ja toit\u201d, mille autoriteks on Maret Allikas, Margit V\u00e4lja ja Hele-Mai Alamaa. &nbsp; Tunnustuse p\u00e4lvinud raamat koosneb kahest osast: esimene tutvustab lugejale metsikuid toidutaimi ning teine julgustab kasutama neid toidutegemiseks. Raamatu \u00fcks autoreid Hele-Mai Alamaa arvab, et nende teose tugevuseks on... Loe edasi\" \/>\n<meta property=\"og:url\" content=\"https:\/\/www.profexpo.ee\/foodfest\/2022\/09\/29\/aasta-kokaraamatuks-valiti-metsikuid-taimi-tutvustav-teos\/\" \/>\n<meta property=\"og:site_name\" content=\"Tallinn FoodFest 2022\" \/>\n<meta property=\"article:published_time\" content=\"2022-09-29T12:31:57+00:00\" \/>\n<meta property=\"article:modified_time\" content=\"2022-09-29T12:46:34+00:00\" \/>\n<meta property=\"og:image\" content=\"https:\/\/www.profexpo.ee\/foodfest\/wp-content\/uploads\/2022\/09\/IMGL3890_fullsize_fotograaf.lauri_.laan_-scaled.jpg\" \/>\n\t<meta property=\"og:image:width\" content=\"2560\" \/>\n\t<meta property=\"og:image:height\" content=\"1706\" \/>\n\t<meta property=\"og:image:type\" content=\"image\/jpeg\" \/>\n<meta name=\"author\" content=\"profexpo\" \/>\n<meta name=\"twitter:card\" content=\"summary_large_image\" \/>\n<meta name=\"twitter:label1\" content=\"Written by\" \/>\n\t<meta name=\"twitter:data1\" content=\"profexpo\" \/>\n\t<meta name=\"twitter:label2\" content=\"Est. reading time\" \/>\n\t<meta name=\"twitter:data2\" content=\"2 minutit\" \/>\n<script type=\"application\/ld+json\" class=\"yoast-schema-graph\">{\"@context\":\"https:\/\/schema.org\",\"@graph\":[{\"@type\":\"WebPage\",\"@id\":\"https:\/\/www.profexpo.ee\/foodfest\/2022\/09\/29\/aasta-kokaraamatuks-valiti-metsikuid-taimi-tutvustav-teos\/\",\"url\":\"https:\/\/www.profexpo.ee\/foodfest\/2022\/09\/29\/aasta-kokaraamatuks-valiti-metsikuid-taimi-tutvustav-teos\/\",\"name\":\"Aasta kokaraamatuks valiti metsikuid taimi tutvustav teos - Tallinn FoodFest 2022\",\"isPartOf\":{\"@id\":\"https:\/\/www.profexpo.ee\/foodfest\/#website\"},\"primaryImageOfPage\":{\"@id\":\"https:\/\/www.profexpo.ee\/foodfest\/2022\/09\/29\/aasta-kokaraamatuks-valiti-metsikuid-taimi-tutvustav-teos\/#primaryimage\"},\"image\":{\"@id\":\"https:\/\/www.profexpo.ee\/foodfest\/2022\/09\/29\/aasta-kokaraamatuks-valiti-metsikuid-taimi-tutvustav-teos\/#primaryimage\"},\"thumbnailUrl\":\"https:\/\/www.profexpo.ee\/foodfest\/wp-content\/uploads\/2022\/09\/IMGL3890_fullsize_fotograaf.lauri_.laan_-scaled.jpg\",\"datePublished\":\"2022-09-29T12:31:57+00:00\",\"dateModified\":\"2022-09-29T12:46:34+00:00\",\"author\":{\"@id\":\"https:\/\/www.profexpo.ee\/foodfest\/#\/schema\/person\/d5f0e99e41e78c79ff5dbf671616b852\"},\"breadcrumb\":{\"@id\":\"https:\/\/www.profexpo.ee\/foodfest\/2022\/09\/29\/aasta-kokaraamatuks-valiti-metsikuid-taimi-tutvustav-teos\/#breadcrumb\"},\"inLanguage\":\"et\",\"potentialAction\":[{\"@type\":\"ReadAction\",\"target\":[\"https:\/\/www.profexpo.ee\/foodfest\/2022\/09\/29\/aasta-kokaraamatuks-valiti-metsikuid-taimi-tutvustav-teos\/\"]}]},{\"@type\":\"ImageObject\",\"inLanguage\":\"et\",\"@id\":\"https:\/\/www.profexpo.ee\/foodfest\/2022\/09\/29\/aasta-kokaraamatuks-valiti-metsikuid-taimi-tutvustav-teos\/#primaryimage\",\"url\":\"https:\/\/www.profexpo.ee\/foodfest\/wp-content\/uploads\/2022\/09\/IMGL3890_fullsize_fotograaf.lauri_.laan_-scaled.jpg\",\"contentUrl\":\"https:\/\/www.profexpo.ee\/foodfest\/wp-content\/uploads\/2022\/09\/IMGL3890_fullsize_fotograaf.lauri_.laan_-scaled.jpg\",\"width\":2560,\"height\":1706},{\"@type\":\"BreadcrumbList\",\"@id\":\"https:\/\/www.profexpo.ee\/foodfest\/2022\/09\/29\/aasta-kokaraamatuks-valiti-metsikuid-taimi-tutvustav-teos\/#breadcrumb\",\"itemListElement\":[{\"@type\":\"ListItem\",\"position\":1,\"name\":\"Home\",\"item\":\"https:\/\/www.profexpo.ee\/foodfest\/\"},{\"@type\":\"ListItem\",\"position\":2,\"name\":\"Aasta kokaraamatuks valiti metsikuid taimi tutvustav teos\"}]},{\"@type\":\"WebSite\",\"@id\":\"https:\/\/www.profexpo.ee\/foodfest\/#website\",\"url\":\"https:\/\/www.profexpo.ee\/foodfest\/\",\"name\":\"Tallinn FoodFest 2020\",\"description\":\"Tallinn FoodFest 2022\",\"potentialAction\":[{\"@type\":\"SearchAction\",\"target\":{\"@type\":\"EntryPoint\",\"urlTemplate\":\"https:\/\/www.profexpo.ee\/foodfest\/?s={search_term_string}\"},\"query-input\":{\"@type\":\"PropertyValueSpecification\",\"valueRequired\":true,\"valueName\":\"search_term_string\"}}],\"inLanguage\":\"et\"},{\"@type\":\"Person\",\"@id\":\"https:\/\/www.profexpo.ee\/foodfest\/#\/schema\/person\/d5f0e99e41e78c79ff5dbf671616b852\",\"name\":\"profexpo\",\"image\":{\"@type\":\"ImageObject\",\"inLanguage\":\"et\",\"@id\":\"https:\/\/www.profexpo.ee\/foodfest\/#\/schema\/person\/image\/\",\"url\":\"https:\/\/secure.gravatar.com\/avatar\/a55493e68c392eb4fdf21a90b6538e7e?s=96&d=mm&r=g\",\"contentUrl\":\"https:\/\/secure.gravatar.com\/avatar\/a55493e68c392eb4fdf21a90b6538e7e?s=96&d=mm&r=g\",\"caption\":\"profexpo\"},\"url\":\"https:\/\/www.profexpo.ee\/foodfest\/author\/profexpo\/\"}]}<\/script>\n<!-- \/ Yoast SEO plugin. -->","yoast_head_json":{"title":"Aasta kokaraamatuks valiti metsikuid taimi tutvustav teos - Tallinn FoodFest 2022","robots":{"index":"index","follow":"follow","max-snippet":"max-snippet:-1","max-image-preview":"max-image-preview:large","max-video-preview":"max-video-preview:-1"},"canonical":"https:\/\/www.profexpo.ee\/foodfest\/2022\/09\/29\/aasta-kokaraamatuks-valiti-metsikuid-taimi-tutvustav-teos\/","og_locale":"et_EE","og_type":"article","og_title":"Aasta kokaraamatuks valiti metsikuid taimi tutvustav teos - Tallinn FoodFest 2022","og_description":"Toidumessil Tallinn FoodFestil selgus Aasta kokaraamat 2022, maineka tiitli p\u00e4lvis \u201eMetsapoole maitsed &#8211; taimed ja toit\u201d, mille autoriteks on Maret Allikas, Margit V\u00e4lja ja Hele-Mai Alamaa. &nbsp; Tunnustuse p\u00e4lvinud raamat koosneb kahest osast: esimene tutvustab lugejale metsikuid toidutaimi ning teine julgustab kasutama neid toidutegemiseks. Raamatu \u00fcks autoreid Hele-Mai Alamaa arvab, et nende teose tugevuseks on... Loe edasi","og_url":"https:\/\/www.profexpo.ee\/foodfest\/2022\/09\/29\/aasta-kokaraamatuks-valiti-metsikuid-taimi-tutvustav-teos\/","og_site_name":"Tallinn FoodFest 2022","article_published_time":"2022-09-29T12:31:57+00:00","article_modified_time":"2022-09-29T12:46:34+00:00","og_image":[{"width":2560,"height":1706,"url":"https:\/\/www.profexpo.ee\/foodfest\/wp-content\/uploads\/2022\/09\/IMGL3890_fullsize_fotograaf.lauri_.laan_-scaled.jpg","type":"image\/jpeg"}],"author":"profexpo","twitter_card":"summary_large_image","twitter_misc":{"Written by":"profexpo","Est. reading time":"2 minutit"},"schema":{"@context":"https:\/\/schema.org","@graph":[{"@type":"WebPage","@id":"https:\/\/www.profexpo.ee\/foodfest\/2022\/09\/29\/aasta-kokaraamatuks-valiti-metsikuid-taimi-tutvustav-teos\/","url":"https:\/\/www.profexpo.ee\/foodfest\/2022\/09\/29\/aasta-kokaraamatuks-valiti-metsikuid-taimi-tutvustav-teos\/","name":"Aasta kokaraamatuks valiti metsikuid taimi tutvustav teos - Tallinn FoodFest 2022","isPartOf":{"@id":"https:\/\/www.profexpo.ee\/foodfest\/#website"},"primaryImageOfPage":{"@id":"https:\/\/www.profexpo.ee\/foodfest\/2022\/09\/29\/aasta-kokaraamatuks-valiti-metsikuid-taimi-tutvustav-teos\/#primaryimage"},"image":{"@id":"https:\/\/www.profexpo.ee\/foodfest\/2022\/09\/29\/aasta-kokaraamatuks-valiti-metsikuid-taimi-tutvustav-teos\/#primaryimage"},"thumbnailUrl":"https:\/\/www.profexpo.ee\/foodfest\/wp-content\/uploads\/2022\/09\/IMGL3890_fullsize_fotograaf.lauri_.laan_-scaled.jpg","datePublished":"2022-09-29T12:31:57+00:00","dateModified":"2022-09-29T12:46:34+00:00","author":{"@id":"https:\/\/www.profexpo.ee\/foodfest\/#\/schema\/person\/d5f0e99e41e78c79ff5dbf671616b852"},"breadcrumb":{"@id":"https:\/\/www.profexpo.ee\/foodfest\/2022\/09\/29\/aasta-kokaraamatuks-valiti-metsikuid-taimi-tutvustav-teos\/#breadcrumb"},"inLanguage":"et","potentialAction":[{"@type":"ReadAction","target":["https:\/\/www.profexpo.ee\/foodfest\/2022\/09\/29\/aasta-kokaraamatuks-valiti-metsikuid-taimi-tutvustav-teos\/"]}]},{"@type":"ImageObject","inLanguage":"et","@id":"https:\/\/www.profexpo.ee\/foodfest\/2022\/09\/29\/aasta-kokaraamatuks-valiti-metsikuid-taimi-tutvustav-teos\/#primaryimage","url":"https:\/\/www.profexpo.ee\/foodfest\/wp-content\/uploads\/2022\/09\/IMGL3890_fullsize_fotograaf.lauri_.laan_-scaled.jpg","contentUrl":"https:\/\/www.profexpo.ee\/foodfest\/wp-content\/uploads\/2022\/09\/IMGL3890_fullsize_fotograaf.lauri_.laan_-scaled.jpg","width":2560,"height":1706},{"@type":"BreadcrumbList","@id":"https:\/\/www.profexpo.ee\/foodfest\/2022\/09\/29\/aasta-kokaraamatuks-valiti-metsikuid-taimi-tutvustav-teos\/#breadcrumb","itemListElement":[{"@type":"ListItem","position":1,"name":"Home","item":"https:\/\/www.profexpo.ee\/foodfest\/"},{"@type":"ListItem","position":2,"name":"Aasta kokaraamatuks valiti metsikuid taimi tutvustav teos"}]},{"@type":"WebSite","@id":"https:\/\/www.profexpo.ee\/foodfest\/#website","url":"https:\/\/www.profexpo.ee\/foodfest\/","name":"Tallinn FoodFest 2020","description":"Tallinn FoodFest 2022","potentialAction":[{"@type":"SearchAction","target":{"@type":"EntryPoint","urlTemplate":"https:\/\/www.profexpo.ee\/foodfest\/?s={search_term_string}"},"query-input":{"@type":"PropertyValueSpecification","valueRequired":true,"valueName":"search_term_string"}}],"inLanguage":"et"},{"@type":"Person","@id":"https:\/\/www.profexpo.ee\/foodfest\/#\/schema\/person\/d5f0e99e41e78c79ff5dbf671616b852","name":"profexpo","image":{"@type":"ImageObject","inLanguage":"et","@id":"https:\/\/www.profexpo.ee\/foodfest\/#\/schema\/person\/image\/","url":"https:\/\/secure.gravatar.com\/avatar\/a55493e68c392eb4fdf21a90b6538e7e?s=96&d=mm&r=g","contentUrl":"https:\/\/secure.gravatar.com\/avatar\/a55493e68c392eb4fdf21a90b6538e7e?s=96&d=mm&r=g","caption":"profexpo"},"url":"https:\/\/www.profexpo.ee\/foodfest\/author\/profexpo\/"}]}},"_links":{"self":[{"href":"https:\/\/www.profexpo.ee\/foodfest\/wp-json\/wp\/v2\/posts\/14331","targetHints":{"allow":["GET"]}}],"collection":[{"href":"https:\/\/www.profexpo.ee\/foodfest\/wp-json\/wp\/v2\/posts"}],"about":[{"href":"https:\/\/www.profexpo.ee\/foodfest\/wp-json\/wp\/v2\/types\/post"}],"author":[{"embeddable":true,"href":"https:\/\/www.profexpo.ee\/foodfest\/wp-json\/wp\/v2\/users\/3"}],"replies":[{"embeddable":true,"href":"https:\/\/www.profexpo.ee\/foodfest\/wp-json\/wp\/v2\/comments?post=14331"}],"version-history":[{"count":4,"href":"https:\/\/www.profexpo.ee\/foodfest\/wp-json\/wp\/v2\/posts\/14331\/revisions"}],"predecessor-version":[{"id":14341,"href":"https:\/\/www.profexpo.ee\/foodfest\/wp-json\/wp\/v2\/posts\/14331\/revisions\/14341"}],"wp:featuredmedia":[{"embeddable":true,"href":"https:\/\/www.profexpo.ee\/foodfest\/wp-json\/wp\/v2\/media\/14336"}],"wp:attachment":[{"href":"https:\/\/www.profexpo.ee\/foodfest\/wp-json\/wp\/v2\/media?parent=14331"}],"wp:term":[{"taxonomy":"category","embeddable":true,"href":"https:\/\/www.profexpo.ee\/foodfest\/wp-json\/wp\/v2\/categories?post=14331"},{"taxonomy":"post_tag","embeddable":true,"href":"https:\/\/www.profexpo.ee\/foodfest\/wp-json\/wp\/v2\/tags?post=14331"}],"curies":[{"name":"wp","href":"https:\/\/api.w.org\/{rel}","templated":true}]}}