{"id":14362,"date":"2022-10-01T11:39:21","date_gmt":"2022-10-01T08:39:21","guid":{"rendered":"https:\/\/www.profexpo.ee\/foodfest\/?p=14362"},"modified":"2022-10-01T11:41:32","modified_gmt":"2022-10-01T08:41:32","slug":"aasta-kokk-2022-on-helena-vallimae","status":"publish","type":"post","link":"https:\/\/www.profexpo.ee\/foodfest\/2022\/10\/01\/aasta-kokk-2022-on-helena-vallimae\/","title":{"rendered":"Aasta Kokk 2022 on Helena Vallim\u00e4e"},"content":{"rendered":"<h3><strong>Eile toidumessil Tallinn FoodFest toimunud kokkade v\u00f5istlusel p\u00e4lvis Aasta kokk 2022 tiitli Helena Vallim\u00e4e restoranist Wicca. \u00a0Eesti Peakokkade \u00dchenduse poolt juba 28. korda korraldatava s\u00fcndmuse finaalis osales kuus andekat toidumeistrit.<\/strong><\/h3>\n<p>V\u00f5istlejatel tuli etteantud aja jooksul valmistada eelroog, pearoog ja vegan magustoit. Eelroa kohustuslikuks tooraineks oli ahven, pearoal \u00c4ntsu m\u00f5isa broiler ja nuikapsas ning vegan magustoit tuli neil valmistada kaerasaadustest.<\/p>\n<p>\u201eSee oli suur \u00fcllatus, sest konkurents oli minu arvates v\u00e4ga suur, aga mul on taktika, et v\u00f5istlen igal v\u00f5istlusel nii kui nii alati iseendaga ehk annan endast parima,\u201c kommenteeris v\u00f5itu t\u00e4navune v\u00f5istluse v\u00f5itja Helena Vallim\u00e4e.<\/p>\n<p>Vallim\u00e4e eelroaks oli ahven kartuli ja mustjuurega (ahvenarull, kr\u00f5be kartul, soe ahvenas\u00fclt, linaseemne kr\u00f5ps, mustjuure kr\u00f5ps, porru-mustjuure kreem, vadaku vaht, murulaugu\u00f5li). Pearoaks \u00e4ntu kana nuikapsa ja \u00f5unaga (\u00e4ntu kana, kanas\u00fcdamega t\u00e4idetud marineeritud sibul, kr\u00f5be sibul, nuikapsa-\u00f5unakreem, kananaha sulg, nuikapsa-\u00f5unagrat\u00e4\u00e4n, pohla sammal, kanaleeme-calvadosi kaste) ning magustoiduks kaeramagustoit p\u00f5ldmarja ja leedriga (kaerakama rull vahuveini kreemiga, kaerakoore-p\u00f5ldmarja j\u00e4\u00e4tis, leedrimarja besee, leedri\u00f5ie vaht, kaera-p\u00f5ldmarja kr\u00f5ps, p\u00f5ldmari leedri kastmes).<\/p>\n<p>Aasta koka v\u00f5istluse teise koha p\u00e4lvis German Macharashvili (Grand Rose SPA) ning kolmanda Alexey Aleksandrov (Bombay Hotels). Finaalis osalesid ka Jevgeni Kolikov (P\u00f5hjala catering), Stella Kurik (Fotografiska Restoran), Maksim Ivanu\u0161kin (Kogu Resto).<\/p>\n<p>Eesti k\u00f6\u00f6ki, restoranikultuuri ja Eesti toidukultuuri edendav \u00fcritus Aasta Kokk toimus juba 28. korda. Toidumessi korraldaja Tiit Sarve s\u00f5nul on 1995. aastal alguse saanud kokkade j\u00f5ukatsumine andnud Eesti kokanduse taevasse palju eredaid t\u00e4hti. Koost\u00f6\u00f6 peakokkadega on sujunud suurep\u00e4raselt ning messi programmis olev kokkade v\u00f5istlus on alati toonud t\u00e4ismaja k\u00fclastajaid.<\/p>\n<p>V\u00f5istluse peakorraldaja, Eesti Peakokkade \u00dchenduse president Taigo Lepiku s\u00f5nul oli t\u00e4navust v\u00f5itja haruldaselt keeruline ette ennustada. \u201eKuigi v\u00f5itja on ametlikult vaid \u00fcks, tuleb ikkagi t\u00f5deda, et tegelikkuses on v\u00f5itjad k\u00f5ik finaalis osalenud kokad \u2013 Eesti kokkade maitsemeel on t\u00f5esti k\u00f5rgel tasemel!\u201c \u00fctles ta.<\/p>\n<p>V\u00f5istlusi hindas rahvusvaheline \u017e\u00fcrii, kuhu kuulusid: Emmanuel Wille (peakohtunik), Ivan Derizemlja, Marcus Hallgren (SWE), Tapio Laine (FIN), Jeppe Foldager (DEN), Dominic Moreaud (FRA) ning k\u00f6\u00f6gikohtunikud Juhan Heinsalu ja Urpo Reinthal.<\/p>\n<p>Toidumess Tallinn FoodFest on \u00e4riklientidele ja toiduhuvilistele m\u00f5eldud \u00fcritus, mis toimub Eesti N\u00e4ituste messikeskuses 29.09 &#8211; 01.10. Messile on oodatud toiduainet\u00f6\u00f6stuse, toitlustuse, hotellinduse, kaubanduse ja paljude sidusalade esindajad ning valdkonna spetsialistid Eestist ja v\u00e4lismaalt. Eesti N\u00e4ituste messikeskusesse oodatakse kolmel p\u00e4eval \u00fcle 7000 k\u00fclastaja ning osalema 170 eksponenti. Profexpo poolt korraldatud toidumessid said alguse 1993. aastal.<\/p>\n<p>&nbsp;<\/p>\n","protected":false},"excerpt":{"rendered":"Eile toidumessil Tallinn FoodFest toimunud kokkade v\u00f5istlusel p\u00e4lvis Aasta kokk 2022 tiitli Helena Vallim\u00e4e restoranist Wicca. \u00a0Eesti Peakokkade \u00dchenduse poolt juba 28. korda korraldatava s\u00fcndmuse finaalis osales kuus andekat toidumeistrit. V\u00f5istlejatel tuli etteantud aja jooksul valmistada eelroog, pearoog ja vegan magustoit. Eelroa kohustuslikuks tooraineks oli ahven, pearoal \u00c4ntsu m\u00f5isa broiler ja nuikapsas ning vegan magustoit&#8230; <a class=\"view-article\" href=\"https:\/\/www.profexpo.ee\/foodfest\/2022\/10\/01\/aasta-kokk-2022-on-helena-vallimae\/\">Loe edasi<\/a>","protected":false},"author":3,"featured_media":14364,"comment_status":"open","ping_status":"open","sticky":false,"template":"","format":"standard","meta":{"footnotes":""},"categories":[2],"tags":[],"class_list":["post-14362","post","type-post","status-publish","format-standard","has-post-thumbnail","hentry","category-maaratlemata-et"],"yoast_head":"<!-- This site is optimized with the Yoast SEO plugin v24.7 - https:\/\/yoast.com\/wordpress\/plugins\/seo\/ -->\n<title>Aasta Kokk 2022 on Helena Vallim\u00e4e - Tallinn FoodFest 2022<\/title>\n<meta name=\"robots\" content=\"index, follow, max-snippet:-1, max-image-preview:large, max-video-preview:-1\" \/>\n<link rel=\"canonical\" href=\"https:\/\/www.profexpo.ee\/foodfest\/2022\/10\/01\/aasta-kokk-2022-on-helena-vallimae\/\" \/>\n<meta property=\"og:locale\" content=\"et_EE\" \/>\n<meta property=\"og:type\" content=\"article\" \/>\n<meta property=\"og:title\" content=\"Aasta Kokk 2022 on Helena Vallim\u00e4e - Tallinn FoodFest 2022\" \/>\n<meta property=\"og:description\" content=\"Eile toidumessil Tallinn FoodFest toimunud kokkade v\u00f5istlusel p\u00e4lvis Aasta kokk 2022 tiitli Helena Vallim\u00e4e restoranist Wicca. \u00a0Eesti Peakokkade \u00dchenduse poolt juba 28. korda korraldatava s\u00fcndmuse finaalis osales kuus andekat toidumeistrit. V\u00f5istlejatel tuli etteantud aja jooksul valmistada eelroog, pearoog ja vegan magustoit. Eelroa kohustuslikuks tooraineks oli ahven, pearoal \u00c4ntsu m\u00f5isa broiler ja nuikapsas ning vegan magustoit... Loe edasi\" \/>\n<meta property=\"og:url\" content=\"https:\/\/www.profexpo.ee\/foodfest\/2022\/10\/01\/aasta-kokk-2022-on-helena-vallimae\/\" \/>\n<meta property=\"og:site_name\" content=\"Tallinn FoodFest 2022\" \/>\n<meta property=\"article:published_time\" content=\"2022-10-01T08:39:21+00:00\" \/>\n<meta property=\"article:modified_time\" content=\"2022-10-01T08:41:32+00:00\" \/>\n<meta property=\"og:image\" content=\"https:\/\/www.profexpo.ee\/foodfest\/wp-content\/uploads\/2022\/10\/IMGM7254_fullsize_fotograaf.lauri_.laan_-scaled.jpg\" \/>\n\t<meta property=\"og:image:width\" content=\"2560\" \/>\n\t<meta property=\"og:image:height\" content=\"1706\" \/>\n\t<meta property=\"og:image:type\" content=\"image\/jpeg\" \/>\n<meta name=\"author\" content=\"profexpo\" \/>\n<meta name=\"twitter:card\" content=\"summary_large_image\" \/>\n<meta name=\"twitter:label1\" content=\"Written by\" \/>\n\t<meta name=\"twitter:data1\" content=\"profexpo\" \/>\n\t<meta name=\"twitter:label2\" content=\"Est. reading time\" \/>\n\t<meta name=\"twitter:data2\" content=\"2 minutit\" \/>\n<script type=\"application\/ld+json\" class=\"yoast-schema-graph\">{\"@context\":\"https:\/\/schema.org\",\"@graph\":[{\"@type\":\"WebPage\",\"@id\":\"https:\/\/www.profexpo.ee\/foodfest\/2022\/10\/01\/aasta-kokk-2022-on-helena-vallimae\/\",\"url\":\"https:\/\/www.profexpo.ee\/foodfest\/2022\/10\/01\/aasta-kokk-2022-on-helena-vallimae\/\",\"name\":\"Aasta Kokk 2022 on Helena Vallim\u00e4e - Tallinn FoodFest 2022\",\"isPartOf\":{\"@id\":\"https:\/\/www.profexpo.ee\/foodfest\/#website\"},\"primaryImageOfPage\":{\"@id\":\"https:\/\/www.profexpo.ee\/foodfest\/2022\/10\/01\/aasta-kokk-2022-on-helena-vallimae\/#primaryimage\"},\"image\":{\"@id\":\"https:\/\/www.profexpo.ee\/foodfest\/2022\/10\/01\/aasta-kokk-2022-on-helena-vallimae\/#primaryimage\"},\"thumbnailUrl\":\"https:\/\/www.profexpo.ee\/foodfest\/wp-content\/uploads\/2022\/10\/IMGM7254_fullsize_fotograaf.lauri_.laan_-scaled.jpg\",\"datePublished\":\"2022-10-01T08:39:21+00:00\",\"dateModified\":\"2022-10-01T08:41:32+00:00\",\"author\":{\"@id\":\"https:\/\/www.profexpo.ee\/foodfest\/#\/schema\/person\/d5f0e99e41e78c79ff5dbf671616b852\"},\"breadcrumb\":{\"@id\":\"https:\/\/www.profexpo.ee\/foodfest\/2022\/10\/01\/aasta-kokk-2022-on-helena-vallimae\/#breadcrumb\"},\"inLanguage\":\"et\",\"potentialAction\":[{\"@type\":\"ReadAction\",\"target\":[\"https:\/\/www.profexpo.ee\/foodfest\/2022\/10\/01\/aasta-kokk-2022-on-helena-vallimae\/\"]}]},{\"@type\":\"ImageObject\",\"inLanguage\":\"et\",\"@id\":\"https:\/\/www.profexpo.ee\/foodfest\/2022\/10\/01\/aasta-kokk-2022-on-helena-vallimae\/#primaryimage\",\"url\":\"https:\/\/www.profexpo.ee\/foodfest\/wp-content\/uploads\/2022\/10\/IMGM7254_fullsize_fotograaf.lauri_.laan_-scaled.jpg\",\"contentUrl\":\"https:\/\/www.profexpo.ee\/foodfest\/wp-content\/uploads\/2022\/10\/IMGM7254_fullsize_fotograaf.lauri_.laan_-scaled.jpg\",\"width\":2560,\"height\":1706},{\"@type\":\"BreadcrumbList\",\"@id\":\"https:\/\/www.profexpo.ee\/foodfest\/2022\/10\/01\/aasta-kokk-2022-on-helena-vallimae\/#breadcrumb\",\"itemListElement\":[{\"@type\":\"ListItem\",\"position\":1,\"name\":\"Home\",\"item\":\"https:\/\/www.profexpo.ee\/foodfest\/\"},{\"@type\":\"ListItem\",\"position\":2,\"name\":\"Aasta Kokk 2022 on Helena Vallim\u00e4e\"}]},{\"@type\":\"WebSite\",\"@id\":\"https:\/\/www.profexpo.ee\/foodfest\/#website\",\"url\":\"https:\/\/www.profexpo.ee\/foodfest\/\",\"name\":\"Tallinn FoodFest 2020\",\"description\":\"Tallinn FoodFest 2022\",\"potentialAction\":[{\"@type\":\"SearchAction\",\"target\":{\"@type\":\"EntryPoint\",\"urlTemplate\":\"https:\/\/www.profexpo.ee\/foodfest\/?s={search_term_string}\"},\"query-input\":{\"@type\":\"PropertyValueSpecification\",\"valueRequired\":true,\"valueName\":\"search_term_string\"}}],\"inLanguage\":\"et\"},{\"@type\":\"Person\",\"@id\":\"https:\/\/www.profexpo.ee\/foodfest\/#\/schema\/person\/d5f0e99e41e78c79ff5dbf671616b852\",\"name\":\"profexpo\",\"image\":{\"@type\":\"ImageObject\",\"inLanguage\":\"et\",\"@id\":\"https:\/\/www.profexpo.ee\/foodfest\/#\/schema\/person\/image\/\",\"url\":\"https:\/\/secure.gravatar.com\/avatar\/a55493e68c392eb4fdf21a90b6538e7e?s=96&d=mm&r=g\",\"contentUrl\":\"https:\/\/secure.gravatar.com\/avatar\/a55493e68c392eb4fdf21a90b6538e7e?s=96&d=mm&r=g\",\"caption\":\"profexpo\"},\"url\":\"https:\/\/www.profexpo.ee\/foodfest\/author\/profexpo\/\"}]}<\/script>\n<!-- \/ Yoast SEO plugin. -->","yoast_head_json":{"title":"Aasta Kokk 2022 on Helena Vallim\u00e4e - Tallinn FoodFest 2022","robots":{"index":"index","follow":"follow","max-snippet":"max-snippet:-1","max-image-preview":"max-image-preview:large","max-video-preview":"max-video-preview:-1"},"canonical":"https:\/\/www.profexpo.ee\/foodfest\/2022\/10\/01\/aasta-kokk-2022-on-helena-vallimae\/","og_locale":"et_EE","og_type":"article","og_title":"Aasta Kokk 2022 on Helena Vallim\u00e4e - Tallinn FoodFest 2022","og_description":"Eile toidumessil Tallinn FoodFest toimunud kokkade v\u00f5istlusel p\u00e4lvis Aasta kokk 2022 tiitli Helena Vallim\u00e4e restoranist Wicca. \u00a0Eesti Peakokkade \u00dchenduse poolt juba 28. korda korraldatava s\u00fcndmuse finaalis osales kuus andekat toidumeistrit. V\u00f5istlejatel tuli etteantud aja jooksul valmistada eelroog, pearoog ja vegan magustoit. Eelroa kohustuslikuks tooraineks oli ahven, pearoal \u00c4ntsu m\u00f5isa broiler ja nuikapsas ning vegan magustoit... Loe edasi","og_url":"https:\/\/www.profexpo.ee\/foodfest\/2022\/10\/01\/aasta-kokk-2022-on-helena-vallimae\/","og_site_name":"Tallinn FoodFest 2022","article_published_time":"2022-10-01T08:39:21+00:00","article_modified_time":"2022-10-01T08:41:32+00:00","og_image":[{"width":2560,"height":1706,"url":"https:\/\/www.profexpo.ee\/foodfest\/wp-content\/uploads\/2022\/10\/IMGM7254_fullsize_fotograaf.lauri_.laan_-scaled.jpg","type":"image\/jpeg"}],"author":"profexpo","twitter_card":"summary_large_image","twitter_misc":{"Written by":"profexpo","Est. reading time":"2 minutit"},"schema":{"@context":"https:\/\/schema.org","@graph":[{"@type":"WebPage","@id":"https:\/\/www.profexpo.ee\/foodfest\/2022\/10\/01\/aasta-kokk-2022-on-helena-vallimae\/","url":"https:\/\/www.profexpo.ee\/foodfest\/2022\/10\/01\/aasta-kokk-2022-on-helena-vallimae\/","name":"Aasta Kokk 2022 on Helena Vallim\u00e4e - Tallinn FoodFest 2022","isPartOf":{"@id":"https:\/\/www.profexpo.ee\/foodfest\/#website"},"primaryImageOfPage":{"@id":"https:\/\/www.profexpo.ee\/foodfest\/2022\/10\/01\/aasta-kokk-2022-on-helena-vallimae\/#primaryimage"},"image":{"@id":"https:\/\/www.profexpo.ee\/foodfest\/2022\/10\/01\/aasta-kokk-2022-on-helena-vallimae\/#primaryimage"},"thumbnailUrl":"https:\/\/www.profexpo.ee\/foodfest\/wp-content\/uploads\/2022\/10\/IMGM7254_fullsize_fotograaf.lauri_.laan_-scaled.jpg","datePublished":"2022-10-01T08:39:21+00:00","dateModified":"2022-10-01T08:41:32+00:00","author":{"@id":"https:\/\/www.profexpo.ee\/foodfest\/#\/schema\/person\/d5f0e99e41e78c79ff5dbf671616b852"},"breadcrumb":{"@id":"https:\/\/www.profexpo.ee\/foodfest\/2022\/10\/01\/aasta-kokk-2022-on-helena-vallimae\/#breadcrumb"},"inLanguage":"et","potentialAction":[{"@type":"ReadAction","target":["https:\/\/www.profexpo.ee\/foodfest\/2022\/10\/01\/aasta-kokk-2022-on-helena-vallimae\/"]}]},{"@type":"ImageObject","inLanguage":"et","@id":"https:\/\/www.profexpo.ee\/foodfest\/2022\/10\/01\/aasta-kokk-2022-on-helena-vallimae\/#primaryimage","url":"https:\/\/www.profexpo.ee\/foodfest\/wp-content\/uploads\/2022\/10\/IMGM7254_fullsize_fotograaf.lauri_.laan_-scaled.jpg","contentUrl":"https:\/\/www.profexpo.ee\/foodfest\/wp-content\/uploads\/2022\/10\/IMGM7254_fullsize_fotograaf.lauri_.laan_-scaled.jpg","width":2560,"height":1706},{"@type":"BreadcrumbList","@id":"https:\/\/www.profexpo.ee\/foodfest\/2022\/10\/01\/aasta-kokk-2022-on-helena-vallimae\/#breadcrumb","itemListElement":[{"@type":"ListItem","position":1,"name":"Home","item":"https:\/\/www.profexpo.ee\/foodfest\/"},{"@type":"ListItem","position":2,"name":"Aasta Kokk 2022 on Helena Vallim\u00e4e"}]},{"@type":"WebSite","@id":"https:\/\/www.profexpo.ee\/foodfest\/#website","url":"https:\/\/www.profexpo.ee\/foodfest\/","name":"Tallinn FoodFest 2020","description":"Tallinn FoodFest 2022","potentialAction":[{"@type":"SearchAction","target":{"@type":"EntryPoint","urlTemplate":"https:\/\/www.profexpo.ee\/foodfest\/?s={search_term_string}"},"query-input":{"@type":"PropertyValueSpecification","valueRequired":true,"valueName":"search_term_string"}}],"inLanguage":"et"},{"@type":"Person","@id":"https:\/\/www.profexpo.ee\/foodfest\/#\/schema\/person\/d5f0e99e41e78c79ff5dbf671616b852","name":"profexpo","image":{"@type":"ImageObject","inLanguage":"et","@id":"https:\/\/www.profexpo.ee\/foodfest\/#\/schema\/person\/image\/","url":"https:\/\/secure.gravatar.com\/avatar\/a55493e68c392eb4fdf21a90b6538e7e?s=96&d=mm&r=g","contentUrl":"https:\/\/secure.gravatar.com\/avatar\/a55493e68c392eb4fdf21a90b6538e7e?s=96&d=mm&r=g","caption":"profexpo"},"url":"https:\/\/www.profexpo.ee\/foodfest\/author\/profexpo\/"}]}},"_links":{"self":[{"href":"https:\/\/www.profexpo.ee\/foodfest\/wp-json\/wp\/v2\/posts\/14362","targetHints":{"allow":["GET"]}}],"collection":[{"href":"https:\/\/www.profexpo.ee\/foodfest\/wp-json\/wp\/v2\/posts"}],"about":[{"href":"https:\/\/www.profexpo.ee\/foodfest\/wp-json\/wp\/v2\/types\/post"}],"author":[{"embeddable":true,"href":"https:\/\/www.profexpo.ee\/foodfest\/wp-json\/wp\/v2\/users\/3"}],"replies":[{"embeddable":true,"href":"https:\/\/www.profexpo.ee\/foodfest\/wp-json\/wp\/v2\/comments?post=14362"}],"version-history":[{"count":3,"href":"https:\/\/www.profexpo.ee\/foodfest\/wp-json\/wp\/v2\/posts\/14362\/revisions"}],"predecessor-version":[{"id":14367,"href":"https:\/\/www.profexpo.ee\/foodfest\/wp-json\/wp\/v2\/posts\/14362\/revisions\/14367"}],"wp:featuredmedia":[{"embeddable":true,"href":"https:\/\/www.profexpo.ee\/foodfest\/wp-json\/wp\/v2\/media\/14364"}],"wp:attachment":[{"href":"https:\/\/www.profexpo.ee\/foodfest\/wp-json\/wp\/v2\/media?parent=14362"}],"wp:term":[{"taxonomy":"category","embeddable":true,"href":"https:\/\/www.profexpo.ee\/foodfest\/wp-json\/wp\/v2\/categories?post=14362"},{"taxonomy":"post_tag","embeddable":true,"href":"https:\/\/www.profexpo.ee\/foodfest\/wp-json\/wp\/v2\/tags?post=14362"}],"curies":[{"name":"wp","href":"https:\/\/api.w.org\/{rel}","templated":true}]}}