{"id":3145,"date":"2016-10-16T16:22:32","date_gmt":"2016-10-16T13:22:32","guid":{"rendered":"http:\/\/www.profexpo.ee\/foodfest\/?p=3145"},"modified":"2019-10-21T12:18:46","modified_gmt":"2019-10-21T09:18:46","slug":"3145","status":"publish","type":"post","link":"https:\/\/www.profexpo.ee\/foodfest\/2016\/10\/16\/3145\/","title":{"rendered":""},"content":{"rendered":"<p>Hea ajakirjanik!<\/p>\n<p>Juba n\u00e4dala p\u00e4rast saab alguse 27. Tallinna Toidumess, mis toob kolmeks p\u00e4evaks Eesti N\u00e4ituste messikeskusesse kokku kogu Eesti toidut\u00f6\u00f6stuse, kaubanduse ja toitlustuse. Sel aastal on \u00fcritus m\u00f5eldud vaid valdkonnaga seotud professionaalidele, kuid loomulikult ootame \u00fcritusele ka seda kajastada soovivaid ajakirjanikke, kes on end eelnevalt registreerinud.<\/p>\n<p>P\u00f5hjuseid messi k\u00fclastamiseks on palju, siin vaid m\u00f5ned neist:<\/p>\n<ul>\n<li>Messil on v\u00e4ljas ligi 200 eksponenti, kes tutvustavad toidumaailmaga seotud tooteid, seadmeid, teenuseid, lahendusi \u2013 k\u00f5ik uus ja huvitav on messil esindatud!<\/li>\n<li>Selguvad Aasta kokk ja noorkokk 2019 \u2013 eelnevalt saab j\u00e4lgida saab kandidaatide pingelisi finaalv\u00f5istlusi.<\/li>\n<li>Selgub Aasta kokaraamat.<\/li>\n<li>Toimub kondiitrite v\u00f5istlus \u201eEesti Leivaliit 30\u201c.<\/li>\n<li>Lisaks leiavad aset mitmed p\u00f5nevad seminarid nii toidukaubanduse kui ka HoReCa valdkonna spetsialistidele, kus peaesinejateks Pariisi tuntud luksuskaubamaja Galeries Lafayette toitlustusosakonna tegevdirektor Julian Powell ning \u00fclemaailmse toidufrantsiisi The Avocado Show k\u00e4ivitanud Ron Simpson. Esinejate hulgas on ka kodumaised toiduvaldkonna tipptegijad. Seminaridel osalemine on tasuline ning vajalik on eelregistreerimine.<\/li>\n<li>Esmakordselt on avatud <em>smart zone<\/em> ala, kus erinevad ettev\u00f5tted tutvustavad p\u00f5nevaid tehnoloogilisi lahendusi. Gigpanel, mTasku, Paypo, Bevira \u00c4rirobot, NOOM ja mitmed muud uudsed v\u00f5imalused ootavad endaga tuttavaks saama.<\/li>\n<li>Messil osalevad lisaks Eesti ettev\u00f5tetele ka L\u00e4ti, Leedu, Soome, Taani, Rootsi, Itaalia firmad.<\/li>\n<li>Ehtsa talutoidu alalt leiad kodumaised v\u00e4iketootjad, maakonnaesindused on v\u00e4ljas Saaremaalt, J\u00f5gevamaalt ja V\u00f5rumaalt.<\/li>\n<\/ul>\n<p>Kolm p\u00e4eva on messikeskus t\u00e4is uudseid maitseid, h\u00f5rke aroome ning palju muud p\u00f5nevat. K\u00f5igile tuntud loosung \u201cEelista eestimaist!\u201d saab alguse just siit ning sinul on ajakirjanikuna v\u00f5imalus sellele endapoolne panus anda.<\/p>\n<p>\u00d6eldakse, et s\u00f6\u00f6mine on ainus t\u00f6\u00f6, mis toidab. Tule messile ja koge seda mitmes m\u00f5ttes \ud83d\ude09<\/p>\n<p>Kui soovid messi k\u00fclastada ning kajastada, siis palun registreeri end siin:<br \/>\n<a href=\"https:\/\/www.profexpo.ee\/foodfest\/press2019\/\">https:\/\/www.profexpo.ee\/foodfest\/press2019\/<\/a><\/p>\n<p>Tere tulemast k\u00fclastama ja kajastama Tallinn FoodFestil toimuvat!<\/p>\n<p>Tiit Sarv<\/p>\n<p>Profexpo O\u00dc juhataja<\/p>\n<p>626 1347<\/p>\n<p>501 1471<\/p>\n<p><a href=\"mailto:info@profexpo.ee\">info@profexpo.ee<\/a><\/p>\n<p>&nbsp;<\/p>\n","protected":false},"excerpt":{"rendered":"Hea ajakirjanik! Juba n\u00e4dala p\u00e4rast saab alguse 27. Tallinna Toidumess, mis toob kolmeks p\u00e4evaks Eesti N\u00e4ituste messikeskusesse kokku kogu Eesti toidut\u00f6\u00f6stuse, kaubanduse ja toitlustuse. Sel aastal on \u00fcritus m\u00f5eldud vaid valdkonnaga seotud professionaalidele, kuid loomulikult ootame \u00fcritusele ka seda kajastada soovivaid ajakirjanikke, kes on end eelnevalt registreerinud. P\u00f5hjuseid messi k\u00fclastamiseks on palju, siin vaid m\u00f5ned&#8230; <a class=\"view-article\" href=\"https:\/\/www.profexpo.ee\/foodfest\/2016\/10\/16\/3145\/\">Loe edasi<\/a>","protected":false},"author":3,"featured_media":0,"comment_status":"open","ping_status":"open","sticky":false,"template":"","format":"standard","meta":{"footnotes":""},"categories":[2],"tags":[],"class_list":["post-3145","post","type-post","status-publish","format-standard","hentry","category-maaratlemata-et"],"yoast_head":"<!-- This site is optimized with the Yoast SEO plugin v24.7 - https:\/\/yoast.com\/wordpress\/plugins\/seo\/ -->\n<title>- Tallinn FoodFest 2022<\/title>\n<meta name=\"robots\" content=\"index, follow, max-snippet:-1, max-image-preview:large, max-video-preview:-1\" \/>\n<link rel=\"canonical\" href=\"https:\/\/www.profexpo.ee\/foodfest\/2016\/10\/16\/3145\/\" \/>\n<meta property=\"og:locale\" content=\"et_EE\" \/>\n<meta property=\"og:type\" content=\"article\" \/>\n<meta property=\"og:title\" content=\"- Tallinn FoodFest 2022\" \/>\n<meta property=\"og:description\" content=\"Hea ajakirjanik! Juba n\u00e4dala p\u00e4rast saab alguse 27. Tallinna Toidumess, mis toob kolmeks p\u00e4evaks Eesti N\u00e4ituste messikeskusesse kokku kogu Eesti toidut\u00f6\u00f6stuse, kaubanduse ja toitlustuse. Sel aastal on \u00fcritus m\u00f5eldud vaid valdkonnaga seotud professionaalidele, kuid loomulikult ootame \u00fcritusele ka seda kajastada soovivaid ajakirjanikke, kes on end eelnevalt registreerinud. P\u00f5hjuseid messi k\u00fclastamiseks on palju, siin vaid m\u00f5ned... Loe edasi\" \/>\n<meta property=\"og:url\" content=\"https:\/\/www.profexpo.ee\/foodfest\/2016\/10\/16\/3145\/\" \/>\n<meta property=\"og:site_name\" content=\"Tallinn FoodFest 2022\" \/>\n<meta property=\"article:published_time\" content=\"2016-10-16T13:22:32+00:00\" \/>\n<meta property=\"article:modified_time\" content=\"2019-10-21T09:18:46+00:00\" \/>\n<meta name=\"author\" content=\"profexpo\" \/>\n<meta name=\"twitter:card\" content=\"summary_large_image\" \/>\n<meta name=\"twitter:label1\" content=\"Written by\" \/>\n\t<meta name=\"twitter:data1\" content=\"profexpo\" \/>\n\t<meta name=\"twitter:label2\" content=\"Est. reading time\" \/>\n\t<meta name=\"twitter:data2\" content=\"2 minutit\" \/>\n<script type=\"application\/ld+json\" class=\"yoast-schema-graph\">{\"@context\":\"https:\/\/schema.org\",\"@graph\":[{\"@type\":\"WebPage\",\"@id\":\"https:\/\/www.profexpo.ee\/foodfest\/2016\/10\/16\/3145\/\",\"url\":\"https:\/\/www.profexpo.ee\/foodfest\/2016\/10\/16\/3145\/\",\"name\":\"- Tallinn FoodFest 2022\",\"isPartOf\":{\"@id\":\"https:\/\/www.profexpo.ee\/foodfest\/#website\"},\"datePublished\":\"2016-10-16T13:22:32+00:00\",\"dateModified\":\"2019-10-21T09:18:46+00:00\",\"author\":{\"@id\":\"https:\/\/www.profexpo.ee\/foodfest\/#\/schema\/person\/d5f0e99e41e78c79ff5dbf671616b852\"},\"inLanguage\":\"et\",\"potentialAction\":[{\"@type\":\"ReadAction\",\"target\":[\"https:\/\/www.profexpo.ee\/foodfest\/2016\/10\/16\/3145\/\"]}]},{\"@type\":\"WebSite\",\"@id\":\"https:\/\/www.profexpo.ee\/foodfest\/#website\",\"url\":\"https:\/\/www.profexpo.ee\/foodfest\/\",\"name\":\"Tallinn FoodFest 2020\",\"description\":\"Tallinn FoodFest 2022\",\"potentialAction\":[{\"@type\":\"SearchAction\",\"target\":{\"@type\":\"EntryPoint\",\"urlTemplate\":\"https:\/\/www.profexpo.ee\/foodfest\/?s={search_term_string}\"},\"query-input\":{\"@type\":\"PropertyValueSpecification\",\"valueRequired\":true,\"valueName\":\"search_term_string\"}}],\"inLanguage\":\"et\"},{\"@type\":\"Person\",\"@id\":\"https:\/\/www.profexpo.ee\/foodfest\/#\/schema\/person\/d5f0e99e41e78c79ff5dbf671616b852\",\"name\":\"profexpo\",\"image\":{\"@type\":\"ImageObject\",\"inLanguage\":\"et\",\"@id\":\"https:\/\/www.profexpo.ee\/foodfest\/#\/schema\/person\/image\/\",\"url\":\"https:\/\/secure.gravatar.com\/avatar\/a55493e68c392eb4fdf21a90b6538e7e?s=96&d=mm&r=g\",\"contentUrl\":\"https:\/\/secure.gravatar.com\/avatar\/a55493e68c392eb4fdf21a90b6538e7e?s=96&d=mm&r=g\",\"caption\":\"profexpo\"},\"url\":\"https:\/\/www.profexpo.ee\/foodfest\/author\/profexpo\/\"}]}<\/script>\n<!-- \/ Yoast SEO plugin. -->","yoast_head_json":{"title":"- Tallinn FoodFest 2022","robots":{"index":"index","follow":"follow","max-snippet":"max-snippet:-1","max-image-preview":"max-image-preview:large","max-video-preview":"max-video-preview:-1"},"canonical":"https:\/\/www.profexpo.ee\/foodfest\/2016\/10\/16\/3145\/","og_locale":"et_EE","og_type":"article","og_title":"- Tallinn FoodFest 2022","og_description":"Hea ajakirjanik! Juba n\u00e4dala p\u00e4rast saab alguse 27. Tallinna Toidumess, mis toob kolmeks p\u00e4evaks Eesti N\u00e4ituste messikeskusesse kokku kogu Eesti toidut\u00f6\u00f6stuse, kaubanduse ja toitlustuse. Sel aastal on \u00fcritus m\u00f5eldud vaid valdkonnaga seotud professionaalidele, kuid loomulikult ootame \u00fcritusele ka seda kajastada soovivaid ajakirjanikke, kes on end eelnevalt registreerinud. P\u00f5hjuseid messi k\u00fclastamiseks on palju, siin vaid m\u00f5ned... Loe edasi","og_url":"https:\/\/www.profexpo.ee\/foodfest\/2016\/10\/16\/3145\/","og_site_name":"Tallinn FoodFest 2022","article_published_time":"2016-10-16T13:22:32+00:00","article_modified_time":"2019-10-21T09:18:46+00:00","author":"profexpo","twitter_card":"summary_large_image","twitter_misc":{"Written by":"profexpo","Est. reading time":"2 minutit"},"schema":{"@context":"https:\/\/schema.org","@graph":[{"@type":"WebPage","@id":"https:\/\/www.profexpo.ee\/foodfest\/2016\/10\/16\/3145\/","url":"https:\/\/www.profexpo.ee\/foodfest\/2016\/10\/16\/3145\/","name":"- Tallinn FoodFest 2022","isPartOf":{"@id":"https:\/\/www.profexpo.ee\/foodfest\/#website"},"datePublished":"2016-10-16T13:22:32+00:00","dateModified":"2019-10-21T09:18:46+00:00","author":{"@id":"https:\/\/www.profexpo.ee\/foodfest\/#\/schema\/person\/d5f0e99e41e78c79ff5dbf671616b852"},"inLanguage":"et","potentialAction":[{"@type":"ReadAction","target":["https:\/\/www.profexpo.ee\/foodfest\/2016\/10\/16\/3145\/"]}]},{"@type":"WebSite","@id":"https:\/\/www.profexpo.ee\/foodfest\/#website","url":"https:\/\/www.profexpo.ee\/foodfest\/","name":"Tallinn FoodFest 2020","description":"Tallinn FoodFest 2022","potentialAction":[{"@type":"SearchAction","target":{"@type":"EntryPoint","urlTemplate":"https:\/\/www.profexpo.ee\/foodfest\/?s={search_term_string}"},"query-input":{"@type":"PropertyValueSpecification","valueRequired":true,"valueName":"search_term_string"}}],"inLanguage":"et"},{"@type":"Person","@id":"https:\/\/www.profexpo.ee\/foodfest\/#\/schema\/person\/d5f0e99e41e78c79ff5dbf671616b852","name":"profexpo","image":{"@type":"ImageObject","inLanguage":"et","@id":"https:\/\/www.profexpo.ee\/foodfest\/#\/schema\/person\/image\/","url":"https:\/\/secure.gravatar.com\/avatar\/a55493e68c392eb4fdf21a90b6538e7e?s=96&d=mm&r=g","contentUrl":"https:\/\/secure.gravatar.com\/avatar\/a55493e68c392eb4fdf21a90b6538e7e?s=96&d=mm&r=g","caption":"profexpo"},"url":"https:\/\/www.profexpo.ee\/foodfest\/author\/profexpo\/"}]}},"_links":{"self":[{"href":"https:\/\/www.profexpo.ee\/foodfest\/wp-json\/wp\/v2\/posts\/3145","targetHints":{"allow":["GET"]}}],"collection":[{"href":"https:\/\/www.profexpo.ee\/foodfest\/wp-json\/wp\/v2\/posts"}],"about":[{"href":"https:\/\/www.profexpo.ee\/foodfest\/wp-json\/wp\/v2\/types\/post"}],"author":[{"embeddable":true,"href":"https:\/\/www.profexpo.ee\/foodfest\/wp-json\/wp\/v2\/users\/3"}],"replies":[{"embeddable":true,"href":"https:\/\/www.profexpo.ee\/foodfest\/wp-json\/wp\/v2\/comments?post=3145"}],"version-history":[{"count":5,"href":"https:\/\/www.profexpo.ee\/foodfest\/wp-json\/wp\/v2\/posts\/3145\/revisions"}],"predecessor-version":[{"id":9370,"href":"https:\/\/www.profexpo.ee\/foodfest\/wp-json\/wp\/v2\/posts\/3145\/revisions\/9370"}],"wp:attachment":[{"href":"https:\/\/www.profexpo.ee\/foodfest\/wp-json\/wp\/v2\/media?parent=3145"}],"wp:term":[{"taxonomy":"category","embeddable":true,"href":"https:\/\/www.profexpo.ee\/foodfest\/wp-json\/wp\/v2\/categories?post=3145"},{"taxonomy":"post_tag","embeddable":true,"href":"https:\/\/www.profexpo.ee\/foodfest\/wp-json\/wp\/v2\/tags?post=3145"}],"curies":[{"name":"wp","href":"https:\/\/api.w.org\/{rel}","templated":true}]}}